{"id":45918,"date":"2025-11-11T09:08:11","date_gmt":"2025-11-11T09:08:11","guid":{"rendered":"https:\/\/www.europesays.com\/lv\/45918\/"},"modified":"2025-11-11T09:08:11","modified_gmt":"2025-11-11T09:08:11","slug":"latvijas-drosmigakas-sievietes-lacplesa-ordena-kavalieres","status":"publish","type":"post","link":"https:\/\/www.europesays.com\/lv\/45918\/","title":{"rendered":"Latvijas drosm\u012bg\u0101k\u0101s sievietes: L\u0101\u010dpl\u0113\u0161a orde\u0146a kavalieres"},"content":{"rendered":"<p>L\u0101\u010dpl\u0113\u0161a Kara ordenis tika dibin\u0101ts 1919. gada 11. novembr\u012b \u2013 dien\u0101, kad Latvijas armija guva uzvaru p\u0101r bermontie\u0161iem, aizsarg\u0101jot tikko nodibin\u0101t\u0101s valsts br\u012bv\u012bbu. Tas bija pirmais Latvijas valsts apbalvojums, kas simboliz\u0113ja person\u012bgu drosmi, pa\u0161aizliedz\u012bbu un varon\u012bbu c\u012b\u0146\u0101 par Latvijas neatkar\u012bbu. Kopum\u0101 ar \u0161o augst\u0101ko milit\u0101ro apbalvojumu tika godin\u0101ti 2146 cilv\u0113ki \u2013 karav\u012bri, virsnieki un sabiedrotie no da\u017e\u0101d\u0101m valst\u012bm. Starp vi\u0146iem bija ar\u012b tr\u012bs sievietes, kuru drosme un cilv\u0113c\u012bba ierakst\u012btas Latvijas v\u0113stures zelta lap\u0101s.<\/p>\n<p>L\u0101\u010dpl\u0113\u0161a Kara ordenim past\u0101v vair\u0101kas \u0161\u0137iras.<\/p>\n<p>1. L\u0101\u010dpl\u0113\u0161a Kara orde\u0146a I \u0161\u0137ira<\/p>\n","protected":false},"excerpt":{"rendered":"L\u0101\u010dpl\u0113\u0161a Kara ordenis tika dibin\u0101ts 1919. gada 11. novembr\u012b \u2013 dien\u0101, kad Latvijas armija guva uzvaru p\u0101r bermontie\u0161iem,&hellip;\n","protected":false},"author":2,"featured_media":45919,"comment_status":"","ping_status":"","sticky":false,"template":"","format":"standard","meta":{"footnotes":""},"categories":[5],"tags":[23,28,29,32,33,22,11267,12833,30,31,35,39,38,36,37,34,40,20,12206,11266,26,27,24,25,21],"class_list":{"0":"post-45918","1":"post","2":"type-post","3":"status-publish","4":"format-standard","5":"has-post-thumbnail","7":"category-aktualitates","8":"tag-aktualitates","9":"tag-breaking-news","10":"tag-breakingnews","11":"tag-featured-news","12":"tag-featurednews","13":"tag-headlines","14":"tag-lacplesa-diena","15":"tag-lacplesis","16":"tag-latest-news","17":"tag-latestnews","18":"tag-latvia","19":"tag-latvian","20":"tag-latviesu","21":"tag-latviesu-valoda","22":"tag-latviesuvaloda","23":"tag-latvija","24":"tag-lv","25":"tag-news","26":"tag-patriotisms","27":"tag-patriotu-nedela","28":"tag-popularakas-zinas","29":"tag-popularakaszinas","30":"tag-top-stories","31":"tag-topstories","32":"tag-zinas"},"share_on_mastodon":{"url":"https:\/\/pubeurope.com\/@lv\/115530282081011477","error":""},"_links":{"self":[{"href":"https:\/\/www.europesays.com\/lv\/wp-json\/wp\/v2\/posts\/45918","targetHints":{"allow":["GET"]}}],"collection":[{"href":"https:\/\/www.europesays.com\/lv\/wp-json\/wp\/v2\/posts"}],"about":[{"href":"https:\/\/www.europesays.com\/lv\/wp-json\/wp\/v2\/types\/post"}],"author":[{"embeddable":true,"href":"https:\/\/www.europesays.com\/lv\/wp-json\/wp\/v2\/users\/2"}],"replies":[{"embeddable":true,"href":"https:\/\/www.europesays.com\/lv\/wp-json\/wp\/v2\/comments?post=45918"}],"version-history":[{"count":0,"href":"https:\/\/www.europesays.com\/lv\/wp-json\/wp\/v2\/posts\/45918\/revisions"}],"wp:featuredmedia":[{"embeddable":true,"href":"https:\/\/www.europesays.com\/lv\/wp-json\/wp\/v2\/media\/45919"}],"wp:attachment":[{"href":"https:\/\/www.europesays.com\/lv\/wp-json\/wp\/v2\/media?parent=45918"}],"wp:term":[{"taxonomy":"category","embeddable":true,"href":"https:\/\/www.europesays.com\/lv\/wp-json\/wp\/v2\/categories?post=45918"},{"taxonomy":"post_tag","embeddable":true,"href":"https:\/\/www.europesays.com\/lv\/wp-json\/wp\/v2\/tags?post=45918"}],"curies":[{"name":"wp","href":"https:\/\/api.w.org\/{rel}","templated":true}]}}