{"id":45999,"date":"2025-11-11T10:10:19","date_gmt":"2025-11-11T10:10:19","guid":{"rendered":"https:\/\/www.europesays.com\/lv\/45999\/"},"modified":"2025-11-11T10:10:19","modified_gmt":"2025-11-11T10:10:19","slug":"ar-izradi-abelziedi-upe-uz-jrt-skatuves-atgriezas-aktieris-ivars-kalnins","status":"publish","type":"post","link":"https:\/\/www.europesays.com\/lv\/45999\/","title":{"rendered":"Ar izr\u0101di &#8220;\u0100be\u013cziedi up\u0113&#8221; uz JRT skatuves atgrie\u017eas aktieris Ivars Kalni\u0146\u0161"},"content":{"rendered":"<p>Jaun\u0101 R\u012bgas te\u0101tra Jaunaj\u0101 z\u0101l\u0113 re\u017eisors Alvis Hermanis veido le\u0123end\u0101r\u0101s filmas &#8220;\u0100bols up\u0113&#8221; turpin\u0101jumu te\u0101tra valod\u0101. Filmas varonis Janka atgrie\u017eas st\u0101st\u0101 par Za\u0137usalu un Ivars Kalni\u0146\u0161 atgrie\u017eas uz JRT skatuves, inform\u0113 te\u0101tra p\u0101rst\u0101ve Inga Liepi\u0146a.<\/p>\n<p>&#8220;St\u0101sts par &#8220;latvie\u0161u Atlant\u012bdu&#8221; mums ir metafora daudzos l\u012bme\u0146os. Gan par cilv\u0113ka dz\u012bves amplit\u016bdu, \u2013 jo m\u016bsu Janka p\u0113c 50 gadiem atgrie\u017eas jaun\u012bbas &#8220;noziegumu&#8221; viet\u0101 \u2013, gan par mazo Latvijas modeli, kur k\u0101dreiz k\u016bs\u0101ja neticami pilna dz\u012bve. Bet t\u0101 tika upur\u0113ta, lai t\u0101s viet\u0101 uzslietu divus tor\u0146us, kas tagad simboliz\u0113 ofici\u0101lo versiju par to, kas notiek vid\u0113j\u0101 latvie\u0161a smadzen\u0113s. Varb\u016bt tie\u0161i \u0161eit ir \u012bst\u0101 ma\u0123isk\u0101 vieta, kur s\u0101kt b\u016bv\u0113t ide\u0101lo n\u0101kotnes Latviju \u2013 to, kur\u0101 dz\u012bvos drosm\u012bgi cilv\u0113ki, kuru fant\u0101zija un labie nodomi sp\u0113s p\u0101rsteigt pat vi\u0146us pa\u0161us?&#8221; par izr\u0101des ieceri st\u0101sta re\u017eisors Alvis Hermanis.<\/p>\n<p class=\"m-0\">Seko &#8220;Delfi&#8221; ar\u012b  <a target=\"_blank\" href=\"https:\/\/www.instagram.com\/delfi.lv\/\" rel=\"nofollow noopener\">Instagram<\/a>  un <a target=\"_blank\" href=\"https:\/\/www.youtube.com\/channel\/UCw5foWtcJvAbUm64rv7jwUQ\" rel=\"nofollow noopener\">YouTube<\/a>  profil\u0101 \u2013 pievienojies, lai uzzin\u0101tu svar\u012bg\u0101ko un interesant\u0101ko pirmais!<\/p>\n<p>Publik\u0101cijas saturs vai t\u0101s jebk\u0101da apjoma da\u013ca ir aizsarg\u0101ts autorties\u012bbu objekts Autorties\u012bbu likuma izpratn\u0113, un t\u0101 izmanto\u0161ana bez izdev\u0113ja at\u013caujas ir aizliegta. Vair\u0101k lasi  <a target=\"_blank\" href=\"https:\/\/www.delfi.lv\/noteikumi#autortiesibas\" rel=\"nofollow noopener\">\u0161eit<\/a><script async src=\"\/\/www.instagram.com\/embed.js\"><\/script><\/p>\n","protected":false},"excerpt":{"rendered":"Jaun\u0101 R\u012bgas te\u0101tra Jaunaj\u0101 z\u0101l\u0113 re\u017eisors Alvis Hermanis veido le\u0123end\u0101r\u0101s filmas &#8220;\u0100bols up\u0113&#8221; turpin\u0101jumu te\u0101tra valod\u0101. Filmas varonis&hellip;\n","protected":false},"author":2,"featured_media":46000,"comment_status":"","ping_status":"","sticky":false,"template":"","format":"standard","meta":{"footnotes":""},"categories":[19],"tags":[5992,1223,89,6566,90,12847,5272,35,39,38,36,37,34,40,12846],"class_list":{"0":"post-45999","1":"post","2":"type-post","3":"status-publish","4":"format-standard","5":"has-post-thumbnail","7":"category-izklaide","8":"tag-alvis-hermanis","9":"tag-davis-simanis","10":"tag-entertainment","11":"tag-ivars-kalnins","12":"tag-izklaide","13":"tag-janis-deinats","14":"tag-jaunais-rigas-teatris","15":"tag-latvia","16":"tag-latvian","17":"tag-latviesu","18":"tag-latviesu-valoda","19":"tag-latviesuvaloda","20":"tag-latvija","21":"tag-lv","22":"tag-martins-grauds"},"share_on_mastodon":{"url":"https:\/\/pubeurope.com\/@lv\/115530525764139482","error":""},"_links":{"self":[{"href":"https:\/\/www.europesays.com\/lv\/wp-json\/wp\/v2\/posts\/45999","targetHints":{"allow":["GET"]}}],"collection":[{"href":"https:\/\/www.europesays.com\/lv\/wp-json\/wp\/v2\/posts"}],"about":[{"href":"https:\/\/www.europesays.com\/lv\/wp-json\/wp\/v2\/types\/post"}],"author":[{"embeddable":true,"href":"https:\/\/www.europesays.com\/lv\/wp-json\/wp\/v2\/users\/2"}],"replies":[{"embeddable":true,"href":"https:\/\/www.europesays.com\/lv\/wp-json\/wp\/v2\/comments?post=45999"}],"version-history":[{"count":0,"href":"https:\/\/www.europesays.com\/lv\/wp-json\/wp\/v2\/posts\/45999\/revisions"}],"wp:featuredmedia":[{"embeddable":true,"href":"https:\/\/www.europesays.com\/lv\/wp-json\/wp\/v2\/media\/46000"}],"wp:attachment":[{"href":"https:\/\/www.europesays.com\/lv\/wp-json\/wp\/v2\/media?parent=45999"}],"wp:term":[{"taxonomy":"category","embeddable":true,"href":"https:\/\/www.europesays.com\/lv\/wp-json\/wp\/v2\/categories?post=45999"},{"taxonomy":"post_tag","embeddable":true,"href":"https:\/\/www.europesays.com\/lv\/wp-json\/wp\/v2\/tags?post=45999"}],"curies":[{"name":"wp","href":"https:\/\/api.w.org\/{rel}","templated":true}]}}