{"id":46032,"date":"2025-11-11T10:45:14","date_gmt":"2025-11-11T10:45:14","guid":{"rendered":"https:\/\/www.europesays.com\/lv\/46032\/"},"modified":"2025-11-11T10:45:14","modified_gmt":"2025-11-11T10:45:14","slug":"aizkraukle-kafejnica-betija-virietis-ar-nazi-uzbruk-apmekletajam-jekabpils-laiks-jekabpils-zinas","status":"publish","type":"post","link":"https:\/\/www.europesays.com\/lv\/46032\/","title":{"rendered":"Aizkraukl\u0113 kafejn\u012bc\u0101 \u201cBetija\u201d v\u012brietis ar nazi uzbr\u016bk apmekl\u0113t\u0101jam \/ J\u0113kabpils Laiks: J\u0113kabpils zi\u0146as"},"content":{"rendered":"<p>Aizvad\u012btaj\u0101 ned\u0113\u013cas nogal\u0113 Valsts policija sa\u0146\u0113ma inform\u0101ciju, ka Aizkraukl\u0113, kafejn\u012bc\u0101 \u201cBetija\u201d, atrodas v\u012brietis ar nazi, kur\u0161 uzbr\u016bk cilv\u0113kiem Persona ievainoja k\u0101du 1957. gad\u0101 dzimu\u0161u v\u012brieti, kur\u0161 tika nog\u0101d\u0101ts medic\u012bnas iest\u0101d\u0113.<\/p>\n<p>Kafejn\u012bcas \u012bpa\u0161niece Inguna Kronberga notikuma br\u012bd\u012b nebija kl\u0101t, ta\u010du vi\u0146a st\u0101sta, ka darbinieki paman\u012bju\u0161i aizdom\u012bgu apmekl\u0113t\u0101ja uzved\u012bbu. V\u012brietis bijis nervozs un r\u012bkojies neadekv\u0101ti, radot aizdomas, ka var\u0113tu atrasties narkotisko vielu iespaid\u0101. Uzbruc\u0113js centies iek\u013c\u016bt kafejn\u012bcas virtuves telp\u0101s, bet cietu\u0161ais vi\u0146am aizr\u0101d\u012bjis. P\u0113c konflikta eskal\u0101cijas v\u012brietis devies uz blakus eso\u0161u veikalu, pa\u0146\u0113mis nazi un atgriezies kafejn\u012bc\u0101, kur agres\u012bvi meties virs\u016b citam apmekl\u0113t\u0101jam, vi\u0146u sadurot. Negad\u012bjuma br\u012bd\u012b kafejn\u012bc\u0101 atrad\u0101s ar\u012b citi klienti, kuri redz\u0113ja notiku\u0161o.<\/p>\n<p>Uzbruc\u0113js tika aiztur\u0113ts, un par notiku\u0161o uzs\u0101kts krimin\u0101lprocess. Policija turpina akt\u012bvu skaidro\u0161anas darbu.<\/p>\n","protected":false},"excerpt":{"rendered":"Aizvad\u012btaj\u0101 ned\u0113\u013cas nogal\u0113 Valsts policija sa\u0146\u0113ma inform\u0101ciju, ka Aizkraukl\u0113, kafejn\u012bc\u0101 \u201cBetija\u201d, atrodas v\u012brietis ar nazi, kur\u0161 uzbr\u016bk cilv\u0113kiem&hellip;\n","protected":false},"author":2,"featured_media":46033,"comment_status":"","ping_status":"","sticky":false,"template":"","format":"standard","meta":{"footnotes":""},"categories":[5],"tags":[23,28,29,32,33,22,987,986,30,31,35,39,38,36,37,34,40,20,26,27,24,25,21],"class_list":{"0":"post-46032","1":"post","2":"type-post","3":"status-publish","4":"format-standard","5":"has-post-thumbnail","7":"category-aktualitates","8":"tag-aktualitates","9":"tag-breaking-news","10":"tag-breakingnews","11":"tag-featured-news","12":"tag-featurednews","13":"tag-headlines","14":"tag-jekabpils-zinas","15":"tag-jekabpilslaiks","16":"tag-latest-news","17":"tag-latestnews","18":"tag-latvia","19":"tag-latvian","20":"tag-latviesu","21":"tag-latviesu-valoda","22":"tag-latviesuvaloda","23":"tag-latvija","24":"tag-lv","25":"tag-news","26":"tag-popularakas-zinas","27":"tag-popularakaszinas","28":"tag-top-stories","29":"tag-topstories","30":"tag-zinas"},"share_on_mastodon":{"url":"https:\/\/pubeurope.com\/@lv\/115530663557034178","error":""},"_links":{"self":[{"href":"https:\/\/www.europesays.com\/lv\/wp-json\/wp\/v2\/posts\/46032","targetHints":{"allow":["GET"]}}],"collection":[{"href":"https:\/\/www.europesays.com\/lv\/wp-json\/wp\/v2\/posts"}],"about":[{"href":"https:\/\/www.europesays.com\/lv\/wp-json\/wp\/v2\/types\/post"}],"author":[{"embeddable":true,"href":"https:\/\/www.europesays.com\/lv\/wp-json\/wp\/v2\/users\/2"}],"replies":[{"embeddable":true,"href":"https:\/\/www.europesays.com\/lv\/wp-json\/wp\/v2\/comments?post=46032"}],"version-history":[{"count":0,"href":"https:\/\/www.europesays.com\/lv\/wp-json\/wp\/v2\/posts\/46032\/revisions"}],"wp:featuredmedia":[{"embeddable":true,"href":"https:\/\/www.europesays.com\/lv\/wp-json\/wp\/v2\/media\/46033"}],"wp:attachment":[{"href":"https:\/\/www.europesays.com\/lv\/wp-json\/wp\/v2\/media?parent=46032"}],"wp:term":[{"taxonomy":"category","embeddable":true,"href":"https:\/\/www.europesays.com\/lv\/wp-json\/wp\/v2\/categories?post=46032"},{"taxonomy":"post_tag","embeddable":true,"href":"https:\/\/www.europesays.com\/lv\/wp-json\/wp\/v2\/tags?post=46032"}],"curies":[{"name":"wp","href":"https:\/\/api.w.org\/{rel}","templated":true}]}}