{"id":46123,"date":"2025-11-11T12:15:18","date_gmt":"2025-11-11T12:15:18","guid":{"rendered":"https:\/\/www.europesays.com\/lv\/46123\/"},"modified":"2025-11-11T12:15:18","modified_gmt":"2025-11-11T12:15:18","slug":"brivibas-piemineklis-svin-90-gadadienu-ar-aizraujosu-izstadi-par-ta-simbolisko-nozimi-lente-lv","status":"publish","type":"post","link":"https:\/\/www.europesays.com\/lv\/46123\/","title":{"rendered":"Br\u012bv\u012bbas piemineklis svin 90. gadadienu ar aizraujo\u0161u izst\u0101di par t\u0101 simbolisko noz\u012bmi\u00a0\u2014\u00a0Lente.lv"},"content":{"rendered":"<p>Br\u012bv\u012bbas piemineklis svin 90. gadadienu ar jaunu izst\u0101di<\/p>\n<p>R\u012bg\u0101 atkl\u0101ta jauna izst\u0101de, kas velt\u012bta vienam no noz\u012bm\u012bg\u0101kajiem Latvijas nacion\u0101l\u0101s identit\u0101tes simboliem \u2013 Br\u012bv\u012bbas piemineklim. \u0160ogad piemineklis atz\u012bm\u0113 savu 90. gadadienu, apliecinot tautas sp\u0113ka un neatkar\u012bbas gara m\u016b\u017e\u012bgo noz\u012bmi. Izst\u0101de pied\u0101v\u0101 padzi\u013cin\u0101tu iepaz\u012b\u0161anos ar pieminek\u013ca skulptur\u0101laj\u0101m grup\u0101m un to dzi\u013co simbolisko noz\u012bmi Latvijas v\u0113stur\u0113 un kult\u016br\u0101.<\/p>\n<p>Simbolu bag\u0101t\u012bba un tautas vienot\u012bbas apliecin\u0101jums<\/p>\n<p>Br\u012bv\u012bbas piemineklis, kas tika svin\u012bgi atkl\u0101ts 1935. gada 18. novembr\u012b, ir celts par tautas saziedotiem l\u012bdzek\u013ciem. \u0160is monument\u0101lais darbs, kura idejas autors ir t\u0113lnieks K\u0101rlis Z\u0101le, bet arhitektonisko risin\u0101jumu veidojis Ernests \u0160t\u0101lbergs, ir vair\u0101k nek\u0101 tikai akmens celtne. Tas ir dz\u012bvs atg\u0101din\u0101jums par m\u016bsu tautas sp\u0113ku, neatlaid\u012bbu un nemirst\u012bgo br\u012bv\u012bbas alkas. Piemineklis ar sav\u0101m 56 skulpt\u016br\u0101m un 13 grup\u0101m, kas izk\u0101rtotas \u010detr\u0101s dimensij\u0101s, st\u0101sta par Latvijas v\u0113stures noz\u012bm\u012bgiem notikumiem, tautas pamatv\u0113rt\u012bb\u0101m un ide\u0101liem. No tautas darba tikuma un gar\u012bg\u0101 sp\u0113ka l\u012bdz pat c\u012b\u0146ai par neatkar\u012bbu, katrs elements ir r\u016bp\u012bgi p\u0101rdom\u0101ts, lai iem\u016b\u017ein\u0101tu Latvijas b\u016bt\u012bbu. K\u0101rlis Z\u0101le ir v\u0113l\u0113jies, lai piemineklis b\u016btu saprotams visos laikos, un \u0161\u012b v\u012bzija ir piepild\u012bjusies, padarot to par univers\u0101lu br\u012bv\u012bbas un valstiskuma simbolu. Piemineklis godina t\u0101dus varo\u0146us k\u0101 L\u0101\u010dpl\u0113sis un Vaidelotis, vienlaikus att\u0113lojot ar\u012b ikdienas darba cilv\u0113kus, karav\u012brus un zin\u0101tniekus, kas veidoju\u0161i un stiprin\u0101ju\u0161i Latvijas valsti. \u0160is monument\u0101lais ansamblis, kas sast\u0101v no pel\u0113k\u0101 un sarkan\u0101 gran\u012bta, travert\u012bna un vara, joproj\u0101m iedvesmo un vieno tautu.<\/p>\n<p>Izst\u0101de \u2013 ce\u013cojums Br\u012bv\u012bbas gara izpratn\u0113<\/p>\n<p>Jaun\u0101 izst\u0101de, kas atkl\u0101ta Br\u012bv\u012bbas pieminek\u013ca laukum\u0101, pied\u0101v\u0101 skat\u012bt\u0101jiem doties fascin\u0113jo\u0161\u0101 ce\u013cojum\u0101 pa pieminek\u013ca simbolisko pasauli. Caur lielform\u0101ta fotogr\u0101fij\u0101m un detaliz\u0113tiem aprakstiem apmekl\u0113t\u0101ji var iepaz\u012bt katra t\u0113la un kompoz\u012bcijas dzi\u013c\u0101ko noz\u012bmi. Piem\u0113ram, t\u0113lu grupa \u201cLatvija\u201d simboliz\u0113 valsts pamatelementus \u2013 aizsardz\u012bbu, augl\u012bbu un gar\u012bgo sp\u0113ku. T\u0101pat izst\u0101d\u0113 apskat\u0101ms ar\u012b t\u0113lnieka K\u0101r\u013ca Z\u0101les sast\u0101d\u012btais pieminek\u013ca celtniec\u012bbas darbu pl\u0101ns, kas sniedz ieskatu monumenta tap\u0161anas proces\u0101. Ar\u012b Br\u012bv\u012bbas t\u0113ls, kas pace\u013c virs galvas tr\u012bs zvaigznes \u2013 Vidzemi, Latgali un Kurzemi \u2013, tiek apl\u016bkots no jauniem rakursiem, atg\u0101dinot par \u0161o re\u0123ionu vienot\u012bbas noz\u012bmi. Izst\u0101de akcent\u0113 tos v\u0113sturiskos notikumus, kas att\u0113loti uz travert\u012bna ci\u013c\u0146iem, piem\u0113ram, 1905. gada revol\u016bcija un c\u012b\u0146as pret bermontie\u0161iem, k\u0101 ar\u012b Dziesmu sv\u0113tku un karav\u012bru g\u0101jieni. Katra skulpt\u016bra, katrs bareljefs ir k\u0101 atv\u0113l\u0113ta lapa Latvijas tautas v\u0113stures gr\u0101mat\u0101, ko tagad ir iesp\u0113ja izlas\u012bt tuv\u0101k.<\/p>\n<p>Piemineklis k\u0101 dz\u012bvs liecinieks un vienot\u012bbas simbols<\/p>\n<p>Br\u012bv\u012bbas piemineklis ir piedz\u012bvojis gan godin\u0101\u0161anu, gan centienus to aizmirst padomju okup\u0101cijas gados, kad pulc\u0113\u0161an\u0101s pie t\u0101 bija aizliegta. Tom\u0113r tas vienm\u0113r ir palicis tautas sird\u012bs k\u0101 neat\u0146emams neatkar\u012bbas un br\u012bv\u012bbas simbols. S\u0101koties Atmodas kust\u012bbai, piemineklis atkal k\u013cuva par tautas pulc\u0113\u0161an\u0101s vietu svar\u012bgiem atceres br\u012b\u017eiem. P\u0113c Latvijas neatkar\u012bbas atjauno\u0161anas pie pieminek\u013ca atkal st\u0101v godasardze, apliecinot cie\u0146u un atbild\u012bbu pret valsti. Piemineklis ir piedz\u012bvojis ar\u012b \u010detras noz\u012bm\u012bgas restaur\u0101cijas, vienm\u0113r saglab\u0101jot savu s\u0101kotn\u0113jo b\u016bt\u012bbu \u2013 b\u016bt par Latvijas br\u012bv\u012bbas un neatkar\u012bbas nesatricin\u0101mu simbolu. T\u0101 saglab\u0101\u0161ana ir nep\u0101rtraukts process, kas apliecina m\u016bsu cie\u0146u pret v\u0113sturi un tic\u012bbu n\u0101kotnei. Br\u012bv\u012bbas piemineklis ir ne tikai piemi\u0146as vieta, bet ar\u012b platforma diskusij\u0101m par nacion\u0101lajiem simboliem un to noz\u012bmi m\u016bsdienu sabiedr\u012bb\u0101, k\u0101 to apliecina nesen notiku\u0161\u0101s konferences par \u0161o t\u0113mu.<\/p>\n","protected":false},"excerpt":{"rendered":"Br\u012bv\u012bbas piemineklis svin 90. gadadienu ar jaunu izst\u0101di R\u012bg\u0101 atkl\u0101ta jauna izst\u0101de, kas velt\u012bta vienam no noz\u012bm\u012bg\u0101kajiem Latvijas&hellip;\n","protected":false},"author":2,"featured_media":46124,"comment_status":"","ping_status":"","sticky":false,"template":"","format":"standard","meta":{"footnotes":""},"categories":[5],"tags":[23,28,29,3287,32,33,12879,22,4816,30,31,35,39,38,36,37,34,40,20,26,27,12878,24,25,21],"class_list":{"0":"post-46123","1":"post","2":"type-post","3":"status-publish","4":"format-standard","5":"has-post-thumbnail","7":"category-aktualitates","8":"tag-aktualitates","9":"tag-breaking-news","10":"tag-breakingnews","11":"tag-brivibas-piemineklis","12":"tag-featured-news","13":"tag-featurednews","14":"tag-gadadiena","15":"tag-headlines","16":"tag-izstade","17":"tag-latest-news","18":"tag-latestnews","19":"tag-latvia","20":"tag-latvian","21":"tag-latviesu","22":"tag-latviesu-valoda","23":"tag-latviesuvaloda","24":"tag-latvija","25":"tag-lv","26":"tag-news","27":"tag-popularakas-zinas","28":"tag-popularakaszinas","29":"tag-simbolisms","30":"tag-top-stories","31":"tag-topstories","32":"tag-zinas"},"share_on_mastodon":{"url":"https:\/\/pubeurope.com\/@lv\/115531017316548961","error":""},"_links":{"self":[{"href":"https:\/\/www.europesays.com\/lv\/wp-json\/wp\/v2\/posts\/46123","targetHints":{"allow":["GET"]}}],"collection":[{"href":"https:\/\/www.europesays.com\/lv\/wp-json\/wp\/v2\/posts"}],"about":[{"href":"https:\/\/www.europesays.com\/lv\/wp-json\/wp\/v2\/types\/post"}],"author":[{"embeddable":true,"href":"https:\/\/www.europesays.com\/lv\/wp-json\/wp\/v2\/users\/2"}],"replies":[{"embeddable":true,"href":"https:\/\/www.europesays.com\/lv\/wp-json\/wp\/v2\/comments?post=46123"}],"version-history":[{"count":0,"href":"https:\/\/www.europesays.com\/lv\/wp-json\/wp\/v2\/posts\/46123\/revisions"}],"wp:featuredmedia":[{"embeddable":true,"href":"https:\/\/www.europesays.com\/lv\/wp-json\/wp\/v2\/media\/46124"}],"wp:attachment":[{"href":"https:\/\/www.europesays.com\/lv\/wp-json\/wp\/v2\/media?parent=46123"}],"wp:term":[{"taxonomy":"category","embeddable":true,"href":"https:\/\/www.europesays.com\/lv\/wp-json\/wp\/v2\/categories?post=46123"},{"taxonomy":"post_tag","embeddable":true,"href":"https:\/\/www.europesays.com\/lv\/wp-json\/wp\/v2\/tags?post=46123"}],"curies":[{"name":"wp","href":"https:\/\/api.w.org\/{rel}","templated":true}]}}