{"id":46125,"date":"2025-11-11T12:17:08","date_gmt":"2025-11-11T12:17:08","guid":{"rendered":"https:\/\/www.europesays.com\/lv\/46125\/"},"modified":"2025-11-11T12:17:08","modified_gmt":"2025-11-11T12:17:08","slug":"pasaules-kauss-mana-karjera-bus-pedejais","status":"publish","type":"post","link":"https:\/\/www.europesays.com\/lv\/46125\/","title":{"rendered":"Pasaules kauss man\u0101 karjer\u0101 b\u016bs p\u0113d\u0113jais"},"content":{"rendered":"<p>&#8220;N\u0101kamais turn\u012brs noteikti b\u016bs p\u0113d\u0113jais,&#8221; par l\u012bdzdal\u012bbu 2026. gada PK sac\u012bja Ronaldu. &#8220;Man b\u016bs jau 41 gads un tas b\u016bs \u012bstais laiks pielikt punktu.&#8221;<\/p>\n<p>\u0160obr\u012bd 40 gadus vecais Ronaldu aizvada savu ceturto sezonu Sa\u016bda Ar\u0101bijas klub\u0101 &#8220;Al Nassr&#8221;, bet pirms tam vi\u0146\u0161 sp\u0113l\u0113ja Anglijas premjerl\u012bgas klub\u0101 Man\u010destras &#8220;United&#8221;, It\u0101lijas A s\u0113rijas klub\u0101 Tur\u012bnas &#8220;Juventus&#8221;, sp\u0101\u0146u Madrides &#8220;Real&#8221; un dzimten\u0113 Lisabonas &#8220;Sporting&#8221;.<\/p>\n<p>Ronaldu, kur\u0161 piecas reizes izpeln\u012bjies &#8220;Ballon d&#8217;Or&#8221;, \u0161aj\u0101 r\u0101d\u012bt\u0101j\u0101 atpaliekot vien no argent\u012bnie\u0161a Lionela Mesi, tiek uzskat\u012bts par vienu no visu laiku izcil\u0101kajiem futbolistiem.<\/p>\n<p>Ronaldu pieder vair\u0101ki individu\u0101lie rekordi klubu un izla\u0161u rind\u0101s, tostarp vi\u0146\u0161 ir pasaules rekordists valstsvien\u012bbas rind\u0101s aizvad\u012btaj\u0101s sp\u0113l\u0113s (225) un g\u016btajos v\u0101rtos (143).<\/p>\n<p>Ronaldu kop\u0101 ar Portug\u0101les izlasi ir triumf\u0113jis Eiropas \u010dempion\u0101t\u0101 (2016. gad\u0101) un divas reizes uzvar\u0113jis UEFA N\u0101ciju l\u012bg\u0101 (2019. un 2025. gad\u0101), bet Pasaules kausu izc\u012bn\u012bt vi\u0146am nav izdevies.<\/p>\n<p>PK fin\u0101lturn\u012brs ar 48 komandu l\u012bdzdal\u012bbu Kan\u0101d\u0101, Meksik\u0101 un ASV norisin\u0101sies 2026. gada j\u016bnij\u0101 un j\u016blij\u0101. Iepriek\u0161\u0113j\u0101 turn\u012br\u0101 Katar\u0101 ar Lionelu Mesi ierind\u0101 triumf\u0113ja Argent\u012bnas valstsvien\u012bba.<\/p>\n","protected":false},"excerpt":{"rendered":"&#8220;N\u0101kamais turn\u012brs noteikti b\u016bs p\u0113d\u0113jais,&#8221; par l\u012bdzdal\u012bbu 2026. gada PK sac\u012bja Ronaldu. &#8220;Man b\u016bs jau 41 gads un&hellip;\n","protected":false},"author":2,"featured_media":46126,"comment_status":"","ping_status":"","sticky":false,"template":"","format":"standard","meta":{"footnotes":""},"categories":[17],"tags":[12716,5500,35,39,38,36,37,34,2192,40,67,9835],"class_list":{"0":"post-46125","1":"post","2":"type-post","3":"status-publish","4":"format-standard","5":"has-post-thumbnail","7":"category-sports","8":"tag-ballon-dor","9":"tag-kristianu-ronaldu","10":"tag-latvia","11":"tag-latvian","12":"tag-latviesu","13":"tag-latviesu-valoda","14":"tag-latviesuvaloda","15":"tag-latvija","16":"tag-lionels-mesi","17":"tag-lv","18":"tag-sports","19":"tag-uefa-naciju-liga"},"share_on_mastodon":{"url":"https:\/\/pubeurope.com\/@lv\/115531025120415937","error":""},"_links":{"self":[{"href":"https:\/\/www.europesays.com\/lv\/wp-json\/wp\/v2\/posts\/46125","targetHints":{"allow":["GET"]}}],"collection":[{"href":"https:\/\/www.europesays.com\/lv\/wp-json\/wp\/v2\/posts"}],"about":[{"href":"https:\/\/www.europesays.com\/lv\/wp-json\/wp\/v2\/types\/post"}],"author":[{"embeddable":true,"href":"https:\/\/www.europesays.com\/lv\/wp-json\/wp\/v2\/users\/2"}],"replies":[{"embeddable":true,"href":"https:\/\/www.europesays.com\/lv\/wp-json\/wp\/v2\/comments?post=46125"}],"version-history":[{"count":0,"href":"https:\/\/www.europesays.com\/lv\/wp-json\/wp\/v2\/posts\/46125\/revisions"}],"wp:featuredmedia":[{"embeddable":true,"href":"https:\/\/www.europesays.com\/lv\/wp-json\/wp\/v2\/media\/46126"}],"wp:attachment":[{"href":"https:\/\/www.europesays.com\/lv\/wp-json\/wp\/v2\/media?parent=46125"}],"wp:term":[{"taxonomy":"category","embeddable":true,"href":"https:\/\/www.europesays.com\/lv\/wp-json\/wp\/v2\/categories?post=46125"},{"taxonomy":"post_tag","embeddable":true,"href":"https:\/\/www.europesays.com\/lv\/wp-json\/wp\/v2\/tags?post=46125"}],"curies":[{"name":"wp","href":"https:\/\/api.w.org\/{rel}","templated":true}]}}