{"id":46167,"date":"2025-11-11T13:05:07","date_gmt":"2025-11-11T13:05:07","guid":{"rendered":"https:\/\/www.europesays.com\/lv\/46167\/"},"modified":"2025-11-11T13:05:07","modified_gmt":"2025-11-11T13:05:07","slug":"antonelli-augstakais-rezultats-piastri-jau-pieci-posmi-bez-pjedestala-motoru-sports-sportacentrs-com","status":"publish","type":"post","link":"https:\/\/www.europesays.com\/lv\/46167\/","title":{"rendered":"Antonelli augst\u0101kais rezult\u0101ts, Piastri jau pieci posmi bez pjedest\u0101la \u2013 Motoru sports \u2013 Sportacentrs.com"},"content":{"rendered":"<p>\u2022 \u0160\u012b bija Norisa otr\u0101 uzvara p\u0113c k\u0101rtas &#8220;Grand Prix&#8221; sac\u012bkst\u0113s, start\u0113jot no pole position.<\/p>\n<p>\u2022 Noriss tagad ir pan\u0101cis savu komandas biedru Oskaru Piastri ar septi\u0146\u0101m &#8220;Grand Prix&#8221; uzvar\u0101m \u0161osezon.<\/p>\n<p>\u2022 Noriss uzvar\u0113ja gan sprint\u0101, gan sac\u012bkst\u0113 ned\u0113\u013cas nogal\u0113, kad &#8220;McLaren&#8221; vad\u012bt\u0101jam Zakam Braunam bija 54. dzim\u0161anas diena.<\/p>\n<p>\u2022 \u0160\u012b bija &#8220;McLaren&#8221; pirm\u0101 uzvara Interlagosas tras\u0113 kop\u0161 2012. gada, kad triumf\u0113ja D\u017eensons Batons.<\/p>\n<p>\u2022 \u0160\u012b bija jau sept\u012bt\u0101 &#8220;Grand Prix&#8221; sac\u012bkste p\u0113c k\u0101rtas, kas beigusies ar uzvaru no pole position &#8211; tikai viena tr\u016bkst l\u012bdz rekordam, kas tika uzst\u0101d\u012bts 1976. gad\u0101.<\/p>\n<p>\u2022 Antonelli 2. vieta &#8220;Mercedes&#8221; sast\u0101v\u0101 ir vi\u0146a l\u012bdz \u0161im lab\u0101kais karjeras rezult\u0101ts &#8220;Grand Prix&#8221; sac\u012bkst\u0113s.<\/p>\n<p>\u2022 Verstapena 3. vieta noz\u012bm\u0113, ka tikai astoto reizi F1 v\u0113stur\u0113 k\u0101ds pilots fini\u0161\u0113jis uz pjedest\u0101la p\u0113c starta no boksiem. P\u0113d\u0113jo reizi tas notika 2014. gad\u0101 Ung\u0101rij\u0101, kad to paveica L\u016biss Hamiltons.<\/p>\n<p>\u2022 D\u017eord\u017es Rasels fini\u0161\u0113ja ceturtais, otro reizi p\u0113c k\u0101rtas piek\u0101pjoties Antonelli, kuru bija p\u0101rsp\u0113jis vis\u0101s iepriek\u0161\u0113j\u0101s \u0161\u012b gada sac\u012bkst\u0113s.<\/p>\n<p>\u2022 Piastri ar 5. vietu jau piekto posmu p\u0113c k\u0101rtas netiek uz pjedest\u0101la.<\/p>\n<p>\u2022 Tagad Piastri atpaliek no Norisa par 24 punktiem, kas ir liel\u0101k\u0101 starp\u012bba \u0161aj\u0101 sezon\u0101.<\/p>\n<p>\u2022 &#8220;Haas&#8221; brauc\u0113js Olivers B\u0113rmans izc\u012bn\u012bja 6. vietu, otro posmu p\u0113c k\u0101rtas fini\u0161\u0113jot lab\u0101ko se\u0161iniek\u0101.<\/p>\n<p>\u2022 &#8220;Haas&#8221; tagad atpaliek tikai par 2 punktiem no 7. viet\u0101 Konstruktoru kaus\u0101 eso\u0161\u0101s &#8220;Aston Martin&#8221; komandas.<\/p>\n<p>\u2022 6. vieta ir lab\u0101kais &#8220;Haas&#8221; rezult\u0101ts Interlagosas tras\u0113 komandas v\u0113stur\u0113.<\/p>\n<p>\u2022 &#8220;Racing Bulls&#8221; pilots Liams Lovsons ar sept\u012bto vietu sesto reizi \u0161osezon iek\u013cuva punktos.<\/p>\n<p>\u2022 Lovsons nosl\u0113dza sac\u012bksti, 52 ap\u013cus veicis ar vien\u0101m vid\u0113j\u0101 sast\u0101va riep\u0101m.<\/p>\n<p>\u2022 Komandas biedrs \u012azaks Had\u017e\u0101rs fini\u0161\u0113ja astotais, un &#8220;Racing Bulls&#8221; tagad ir 10 punktus priek\u0161\u0101 &#8220;Aston Martin&#8221; Konstruktoru kaus\u0101.<\/p>\n<p>\u2022 Niko Hilkenbergs ar dev\u012bto vietu atveda &#8220;Kick Sauber&#8221; punktus jau desmito reizi \u0161osezon.<\/p>\n<p>\u2022 Tas bija Hilkenberga lab\u0101kais rezult\u0101ts Interlagos\u0101 kop\u0161 2017. gada.<\/p>\n<p>\u2022 Pj\u0113rs Gasl\u012b ar 10. vietu izc\u012bn\u012bja punktus gan sprint\u0101, gan &#8220;Grand Prix&#8221;, lai gan &#8220;Alpine&#8221; joproj\u0101m ir p\u0113d\u0113j\u0101 viet\u0101 Konstruktoru kaus\u0101.<\/p>\n<p>\u2022 &#8220;Williams&#8221; pilots Alekss Albons ierindoj\u0101s 11. viet\u0101, bet pirmo reizi karjer\u0101 sasniedza sacens\u012bbu \u0101tr\u0101ko apli.<\/p>\n<p>\u2022 Hamiltona nefini\u0161\u0113\u0161ana noz\u012bm\u0113ja vi\u0146a pirmo izst\u0101\u0161anos Interlagos\u0101 kop\u0161 2012. gada, kas toreiz bija vi\u0146a p\u0113d\u0113j\u0101s sac\u012bkstes &#8220;McLaren&#8221; sast\u0101v\u0101.<\/p>\n<p>\u2022 Komandas biedrs \u0160arls Lekl\u0113rs izst\u0101j\u0101s otro reizi p\u0113d\u0113jo septi\u0146u sac\u012bk\u0161u laik\u0101, iepriek\u0161 tas notika N\u012bderlandes posm\u0101.<\/p>\n<p>\u2022 &#8220;Ferrari&#8221; \u0161\u012b bija tre\u0161\u0101 sac\u012bkste bez punktiem \u0161osezon, un tas ir visvair\u0101k rei\u017eu kop\u0161 2020. gada.<\/p>\n<p>\u2022 &#8220;Kick Sauber&#8221; pilots Gabriels Bortoleto sav\u0101 m\u0101ju posm\u0101 avar\u0113ja gan sprint\u0101, gan galvenaj\u0101 sac\u012bkst\u0113.<\/p>\n<p>\u2022 T\u0101 bija Bortoleto pirm\u0101 izst\u0101\u0161an\u0101s kop\u0161 Silverstonas posma.<\/p>\n<p>F1 kopv\u0113rt\u0113jums:<\/p>\n<tr>VietaPilotsKomandaPunkti<\/tr>\n<tr class=\"even\">\n<td>1.<\/td>\n<td>Lando Noriss<\/td>\n<td>McLaren<\/td>\n<td class=\"ralign\">390<\/td>\n<\/tr>\n<tr class=\"odd\">\n<td>2.<\/td>\n<td>Oskars Piastri<\/td>\n<td>McLaren<\/td>\n<td class=\"ralign\">366<\/td>\n<\/tr>\n<tr class=\"even\">\n<td>3.<\/td>\n<td>Makss Verstapens<\/td>\n<td>Red Bull<\/td>\n<td class=\"ralign\">341<\/td>\n<\/tr>\n<tr class=\"odd\">\n<td>4.<\/td>\n<td>D\u017eord\u017es Rasels<\/td>\n<td>Mercedes<\/td>\n<td class=\"ralign\">276<\/td>\n<\/tr>\n<tr class=\"even\">\n<td>5.<\/td>\n<td>\u0160arls Lekl\u0113rs<\/td>\n<td>Ferrari<\/td>\n<td class=\"ralign\">214<\/td>\n<\/tr>\n<tr class=\"odd\">\n<td>6.<\/td>\n<td>L\u016biss Hamiltons<\/td>\n<td>Ferrari<\/td>\n<td class=\"ralign\">148<\/td>\n<\/tr>\n<tr class=\"even\">\n<td>7.<\/td>\n<td>Kimi Antonelli<\/td>\n<td>Mercedes<\/td>\n<td class=\"ralign\">122<\/td>\n<\/tr>\n<tr class=\"odd\">\n<td>8.<\/td>\n<td>Alekss Albons<\/td>\n<td>Williams<\/td>\n<td class=\"ralign\">73<\/td>\n<\/tr>\n<tr class=\"even\">\n<td>9.<\/td>\n<td>Niko Hilkenbergs<\/td>\n<td>Kick Sauber<\/td>\n<td class=\"ralign\">45<\/td>\n<\/tr>\n<tr class=\"odd\">\n<td>10.<\/td>\n<td>\u012azaks Had\u017e\u0101rs<\/td>\n<td>Racing Bulls<\/td>\n<td class=\"ralign\">41<\/td>\n<\/tr>\n<tr class=\"even\">\n<td>11.<\/td>\n<td>Fernando Alonso<\/td>\n<td>Aston Martin<\/td>\n<td class=\"ralign\">40<\/td>\n<\/tr>\n<tr class=\"odd\">\n<td>12.<\/td>\n<td>Olivers B\u0113rmans<\/td>\n<td>Haas<\/td>\n<td class=\"ralign\">40<\/td>\n<\/tr>\n<tr class=\"even\">\n<td>13.<\/td>\n<td>Karloss Sainss<\/td>\n<td>Williams<\/td>\n<td class=\"ralign\">38<\/td>\n<\/tr>\n<tr class=\"odd\">\n<td>14.<\/td>\n<td>Liams Lovsons<\/td>\n<td>Racing Bulls<\/td>\n<td class=\"ralign\">36<\/td>\n<\/tr>\n<tr class=\"even\">\n<td>15.<\/td>\n<td>L\u0101nss Strols<\/td>\n<td>Aston Martin<\/td>\n<td class=\"ralign\">32<\/td>\n<\/tr>\n<tr class=\"odd\">\n<td>16.<\/td>\n<td>Estebans Okons<\/td>\n<td>Haas<\/td>\n<td class=\"ralign\">30<\/td>\n<\/tr>\n<tr class=\"even\">\n<td>17.<\/td>\n<td>Juki Cunoda<\/td>\n<td>Red Bull<\/td>\n<td class=\"ralign\">28<\/td>\n<\/tr>\n<tr class=\"odd\">\n<td>18.<\/td>\n<td>Pj\u0113rs G\u0101sl\u012b<\/td>\n<td>Alpine<\/td>\n<td class=\"ralign\">22<\/td>\n<\/tr>\n<tr class=\"even\">\n<td>19.<\/td>\n<td>Gabriels Bortoleto<\/td>\n<td>Kick Sauber<\/td>\n<td class=\"ralign\">19<\/td>\n<\/tr>\n<tr>VietaKonstruktorsPunkti<\/tr>\n<tr class=\"even\">\n<td>1.<\/td>\n<td>McLaren-Mercedes<\/td>\n<td class=\"ralign\">721<\/td>\n<\/tr>\n<tr class=\"odd\">\n<td>2.<\/td>\n<td>Mercedes<\/td>\n<td class=\"ralign\">370<\/td>\n<\/tr>\n<tr class=\"even\">\n<td>3.<\/td>\n<td>Ferrari<\/td>\n<td class=\"ralign\">364<\/td>\n<\/tr>\n<tr class=\"odd\">\n<td>4.<\/td>\n<td>Red Bull-RBPT Honda<\/td>\n<td class=\"ralign\">351<\/td>\n<\/tr>\n<tr class=\"even\">\n<td>5.<\/td>\n<td>Williams-Mercedes<\/td>\n<td class=\"ralign\">111<\/td>\n<\/tr>\n<tr class=\"odd\">\n<td>6.<\/td>\n<td>Racing Bulls-RBPT Honda<\/td>\n<td class=\"ralign\">72<\/td>\n<\/tr>\n<tr class=\"even\">\n<td>7.<\/td>\n<td>Aston Martin-Mercedes<\/td>\n<td class=\"ralign\">72<\/td>\n<\/tr>\n<tr class=\"odd\">\n<td>8.<\/td>\n<td>Haas-Ferrari<\/td>\n<td class=\"ralign\">62<\/td>\n<\/tr>\n<tr class=\"even\">\n<td>9.<\/td>\n<td>Sauber-Ferrari<\/td>\n<td class=\"ralign\">60<\/td>\n<\/tr>\n<tr class=\"odd\">\n<td>10.<\/td>\n<td>Alpine-Renault<\/td>\n<td class=\"ralign\">21<\/td>\n<\/tr>\n","protected":false},"excerpt":{"rendered":"\u2022 \u0160\u012b bija Norisa otr\u0101 uzvara p\u0113c k\u0101rtas &#8220;Grand Prix&#8221; sac\u012bkst\u0113s, start\u0113jot no pole position. \u2022 Noriss tagad&hellip;\n","protected":false},"author":2,"featured_media":46168,"comment_status":"","ping_status":"","sticky":false,"template":"","format":"standard","meta":{"footnotes":""},"categories":[17],"tags":[35,39,38,36,37,34,40,165,67],"class_list":{"0":"post-46167","1":"post","2":"type-post","3":"status-publish","4":"format-standard","5":"has-post-thumbnail","7":"category-sports","8":"tag-latvia","9":"tag-latvian","10":"tag-latviesu","11":"tag-latviesu-valoda","12":"tag-latviesuvaloda","13":"tag-latvija","14":"tag-lv","15":"tag-motoru-sports","16":"tag-sports"},"share_on_mastodon":{"url":"https:\/\/pubeurope.com\/@lv\/115531213912335843","error":""},"_links":{"self":[{"href":"https:\/\/www.europesays.com\/lv\/wp-json\/wp\/v2\/posts\/46167","targetHints":{"allow":["GET"]}}],"collection":[{"href":"https:\/\/www.europesays.com\/lv\/wp-json\/wp\/v2\/posts"}],"about":[{"href":"https:\/\/www.europesays.com\/lv\/wp-json\/wp\/v2\/types\/post"}],"author":[{"embeddable":true,"href":"https:\/\/www.europesays.com\/lv\/wp-json\/wp\/v2\/users\/2"}],"replies":[{"embeddable":true,"href":"https:\/\/www.europesays.com\/lv\/wp-json\/wp\/v2\/comments?post=46167"}],"version-history":[{"count":0,"href":"https:\/\/www.europesays.com\/lv\/wp-json\/wp\/v2\/posts\/46167\/revisions"}],"wp:featuredmedia":[{"embeddable":true,"href":"https:\/\/www.europesays.com\/lv\/wp-json\/wp\/v2\/media\/46168"}],"wp:attachment":[{"href":"https:\/\/www.europesays.com\/lv\/wp-json\/wp\/v2\/media?parent=46167"}],"wp:term":[{"taxonomy":"category","embeddable":true,"href":"https:\/\/www.europesays.com\/lv\/wp-json\/wp\/v2\/categories?post=46167"},{"taxonomy":"post_tag","embeddable":true,"href":"https:\/\/www.europesays.com\/lv\/wp-json\/wp\/v2\/tags?post=46167"}],"curies":[{"name":"wp","href":"https:\/\/api.w.org\/{rel}","templated":true}]}}