{"id":46214,"date":"2025-11-11T13:56:09","date_gmt":"2025-11-11T13:56:09","guid":{"rendered":"https:\/\/www.europesays.com\/lv\/46214\/"},"modified":"2025-11-11T13:56:09","modified_gmt":"2025-11-11T13:56:09","slug":"tele2-valdes-priekssedetajs-nolemis-atstat-amatu","status":"publish","type":"post","link":"https:\/\/www.europesays.com\/lv\/46214\/","title":{"rendered":"&#8220;Tele2&#8221; valdes priek\u0161s\u0113d\u0113t\u0101js nol\u0113mis atst\u0101t amatu"},"content":{"rendered":"<p>Savuk\u0101rt no 2026. gada 1. janv\u0101ra &#8220;Tele2&#8221; izpilddirektora amat\u0101 darbu s\u0101ks uz\u0146\u0113muma finan\u0161u direktors Arnis Pried\u012btis. L\u012bdz tam Pried\u012btis pild\u012bs pagaidu izpilddirektora pien\u0101kumus.<\/p>\n<p>Pried\u012btis nor\u0101da, ka m\u0113r\u0137is ir turpin\u0101t uz\u0146\u0113muma izaugsmi, stiprin\u0101t &#8220;Tele2&#8221; l\u012bderpoz\u012bcijas un nodro\u0161in\u0101t lab\u0101ku pieredzi klientiem.<\/p>\n<p>Vi\u0146\u0161 str\u0101d\u0101 &#8220;Tele2&#8221; 18 gadus.<\/p>\n<p>&#8220;Firmas.lv&#8221; inform\u0101cija liecina, ka Vancovi\u010ds bija &#8220;Tele2&#8221; valdes priek\u0161s\u0113d\u0113t\u0101js kop\u0161 2010. gada.<\/p>\n<p>Komp\u0101nijas vald\u0113 \u0161obr\u012bd str\u0101d\u0101 ar\u012b Aigars Evertovskis un Pried\u012btis.<\/p>\n<p>Jau zi\u0146ots, ka &#8220;Tele2&#8221; pag\u0101ju\u0161aj\u0101 gad\u0101 str\u0101d\u0101ja ar 179,991 miljona eiro apgroz\u012bjumu, kas ir par 1,5% vair\u0101k nek\u0101 gadu iepriek\u0161, bet komp\u0101nijas pe\u013c\u0146a pieauga par 13,5% un bija 52,923 miljoni eiro.<\/p>\n<p>&#8220;Tele2&#8221; re\u0123istr\u0113ts 1995. gada novembr\u012b, un t\u0101 pamatkapit\u0101ls ir 3,486 miljoni eiro. &#8220;Tele2&#8221; vien\u012bgais \u012bpa\u0161nieks ir Zviedrijas &#8220;Tele2 Sverige&#8221;.<\/p>\n","protected":false},"excerpt":{"rendered":"Savuk\u0101rt no 2026. gada 1. janv\u0101ra &#8220;Tele2&#8221; izpilddirektora amat\u0101 darbu s\u0101ks uz\u0146\u0113muma finan\u0161u direktors Arnis Pried\u012btis. L\u012bdz tam&hellip;\n","protected":false},"author":2,"featured_media":46215,"comment_status":"","ping_status":"","sticky":false,"template":"","format":"standard","meta":{"footnotes":""},"categories":[12],"tags":[23,28,29,32,33,22,30,31,35,39,38,36,37,34,40,20,26,27,10203,24,25,10104,12902,21],"class_list":{"0":"post-46214","1":"post","2":"type-post","3":"status-publish","4":"format-standard","5":"has-post-thumbnail","7":"category-latvija","8":"tag-aktualitates","9":"tag-breaking-news","10":"tag-breakingnews","11":"tag-featured-news","12":"tag-featurednews","13":"tag-headlines","14":"tag-latest-news","15":"tag-latestnews","16":"tag-latvia","17":"tag-latvian","18":"tag-latviesu","19":"tag-latviesu-valoda","20":"tag-latviesuvaloda","21":"tag-latvija","22":"tag-lv","23":"tag-news","24":"tag-popularakas-zinas","25":"tag-popularakaszinas","26":"tag-tele2","27":"tag-top-stories","28":"tag-topstories","29":"tag-vadiba","30":"tag-valdis-vancovics","31":"tag-zinas"},"share_on_mastodon":{"url":"https:\/\/pubeurope.com\/@lv\/115531414470092002","error":""},"_links":{"self":[{"href":"https:\/\/www.europesays.com\/lv\/wp-json\/wp\/v2\/posts\/46214","targetHints":{"allow":["GET"]}}],"collection":[{"href":"https:\/\/www.europesays.com\/lv\/wp-json\/wp\/v2\/posts"}],"about":[{"href":"https:\/\/www.europesays.com\/lv\/wp-json\/wp\/v2\/types\/post"}],"author":[{"embeddable":true,"href":"https:\/\/www.europesays.com\/lv\/wp-json\/wp\/v2\/users\/2"}],"replies":[{"embeddable":true,"href":"https:\/\/www.europesays.com\/lv\/wp-json\/wp\/v2\/comments?post=46214"}],"version-history":[{"count":0,"href":"https:\/\/www.europesays.com\/lv\/wp-json\/wp\/v2\/posts\/46214\/revisions"}],"wp:featuredmedia":[{"embeddable":true,"href":"https:\/\/www.europesays.com\/lv\/wp-json\/wp\/v2\/media\/46215"}],"wp:attachment":[{"href":"https:\/\/www.europesays.com\/lv\/wp-json\/wp\/v2\/media?parent=46214"}],"wp:term":[{"taxonomy":"category","embeddable":true,"href":"https:\/\/www.europesays.com\/lv\/wp-json\/wp\/v2\/categories?post=46214"},{"taxonomy":"post_tag","embeddable":true,"href":"https:\/\/www.europesays.com\/lv\/wp-json\/wp\/v2\/tags?post=46214"}],"curies":[{"name":"wp","href":"https:\/\/api.w.org\/{rel}","templated":true}]}}