{"id":46240,"date":"2025-11-11T14:28:07","date_gmt":"2025-11-11T14:28:07","guid":{"rendered":"https:\/\/www.europesays.com\/lv\/46240\/"},"modified":"2025-11-11T14:28:07","modified_gmt":"2025-11-11T14:28:07","slug":"milestibas-del-adriana-miglane-atgriezas-latvija","status":"publish","type":"post","link":"https:\/\/www.europesays.com\/lv\/46240\/","title":{"rendered":"M\u012blest\u012bbas d\u0113\u013c Adriana Migl\u0101ne atgrie\u017eas Latvij\u0101"},"content":{"rendered":"<p>L\u012bdz \u0161im vi\u0146a publiski nebija atkl\u0101jusi ne drauga v\u0101rdu, ne nodarbo\u0161anos, bet nu k\u013cuvis zin\u0101ms, kas vi\u0146as sirdi iekarojis uz\u0146\u0113m\u0113js O\u013cegs Zabirko.<\/p>\n<p>P\u0113c p\u0101ris m\u0113ne\u0161u draudz\u0113\u0161an\u0101s Migl\u0101ne pie\u0146\u0113musi l\u0113mumu kop\u0101 ar d\u0113lu Hugo no \u012arijas atgriezties Latvij\u0101.<\/p>\n<p>Noprotams, ka uz \u0161o soli m\u0101kslinieci pamudin\u0101jis jaunais draugs, kuram vietn\u0113 \u201cInstagram\u201d vi\u0146a velta \u012bpa\u0161u v\u0101rdus un atkl\u0101j abu iepaz\u012b\u0161an\u0101s st\u0101stu.<\/p>\n<blockquote class=\"skaties-quote\">\n<p>\u201cPie man\u0101m durv\u012bm negaidot pieklauv\u0113ja m\u012blest\u012bba, kuru es negaid\u012bju, kura atn\u0101ca br\u012bd\u012b, kad biju p\u0101rliecin\u0101ta, ka nek\u0101das attiec\u012bbas nev\u0113los. Tikai \u0161oreiz es pirmo reizi zinu, ko noz\u012bm\u0113 m\u012blest\u012bba.<\/p>\n<\/blockquote>\n<p>Es v\u0113los past\u0101st\u012bt par k\u0101du \u012bpa\u0161u cilv\u0113ku, kur\u0161 ien\u0101cis man\u0101 dz\u012bv\u0113, kur\u0161 man par\u0101d\u012bja, ka dz\u012bve var b\u016bt \u013coti skaista. Man\u0101 viszem\u0101kaj\u0101 punkt\u0101 iedeva man roku piecelties. S\u0101kum\u0101 caur sarakst\u0113m l\u012bdz beidzot satiekoties, un no pirm\u0101s reizes es zin\u0101ju, ka tas ir vi\u0146\u0161. Tas ir v\u012brietis, kuru es Dievam l\u016bdzu, jo es vienm\u0113r pras\u012bju, ka n\u0101ko\u0161ajam attiec\u012bb\u0101m j\u0101b\u016bt Dieva izv\u0113les vad\u012bt\u0101m.<\/p>\n<p>Un es sird\u012b vienm\u0113r teicu, ka gaid\u012b\u0161u tik ilgi, kam\u0113r sajut\u012b\u0161u, ka ir tas \u012bstais, ka zin\u0101\u0161u \u2013 manas l\u016bg\u0161anas ir atbild\u0113tas,\u201d st\u0101sta Migl\u0101ne.<\/p>\n<p class=\"ad-desc ad-desc-main\">Saturs turpin\u0101s p\u0113c rekl\u0101mas<\/p>\n<p class=\"ad-desc ad-desc-sec\">Rekl\u0101ma<\/p>\n<p>Vi\u0146a uzsver, ka v\u0113l nekad dz\u012bv\u0113 nav izjutusi t\u0101das r\u016bpes, m\u012blest\u012bbu un sirsn\u012bbu, ko vi\u0146ai sp\u0113j sniegt jaunais draugs: \u201cVi\u0146\u0161 mani pie\u0146em tie\u0161i t\u0101du, k\u0101da esmu, patur roci\u0146u, ved pastaig\u0101ties, kad mani moka panikas l\u0113kmes.<\/p>\n<p>Nekad, nevienu reizi nav nosod\u012bjis, bet tikai saka: m\u0113s ar visu tiksim gal\u0101, viss ir labi un b\u016bs labi.<\/p>\n<blockquote class=\"skaties-quote\">\n<p>Atce\u013c savus pl\u0101nus, lai var\u0113tu b\u016bt man l\u012bdz\u0101s, glaud\u012bt galvu un tur\u0113t roci\u0146u, kam\u0113r asaras birst.\u201d<\/p>\n<\/blockquote>\n<p>Ne mazsvar\u012bgi \u2013 p\u0113c divus gadu ilgas depresijas dzied\u0101t\u0101ja ieraudz\u012bju prieku, laimi un sauli: \u201cEsmu ieraudz\u012bjusi prieku un m\u012blest\u012bbu, ko tik \u013coti gaid\u012bju. Un tas ir vi\u0146\u0161, kas man to par\u0101d\u012bja!\u201d<\/p>\n<p>\u201cEs zin\u0101ju, ka Dievs ir ar mani, es vienm\u0113r tic\u0113ju, ka, lai cik gr\u016bti, es tik\u0161u gal\u0101 un tagad ar pilnu jaudu m\u016bzik\u0101. Man ir daudz, par ko rakst\u012bt, un to pavisam dr\u012bz dzird\u0113siet album\u0101,\u201d fanus uzrun\u0101 m\u0101ksliniece, pau\u017eot gatav\u012bbu atgriezties uz skatuves.<\/p>\n<p>\u201cEs tevi \u013coti stipri m\u012blu, mana sirsni\u0146a, Hugo ir t\u0101 paveicies ar tevi! Zinu, ka v\u0113l\u0101k ar\u012b izlas\u012bsi pats. Sap\u0146i piepild\u0101s!\u201d t\u0101 Migl\u0101ne.<\/p>\n","protected":false},"excerpt":{"rendered":"L\u012bdz \u0161im vi\u0146a publiski nebija atkl\u0101jusi ne drauga v\u0101rdu, ne nodarbo\u0161anos, bet nu k\u013cuvis zin\u0101ms, kas vi\u0146as sirdi&hellip;\n","protected":false},"author":2,"featured_media":46241,"comment_status":"","ping_status":"","sticky":false,"template":"","format":"standard","meta":{"footnotes":""},"categories":[19],"tags":[12805,89,90,35,39,38,36,37,34,40],"class_list":{"0":"post-46240","1":"post","2":"type-post","3":"status-publish","4":"format-standard","5":"has-post-thumbnail","7":"category-izklaide","8":"tag-adriana-miglane","9":"tag-entertainment","10":"tag-izklaide","11":"tag-latvia","12":"tag-latvian","13":"tag-latviesu","14":"tag-latviesu-valoda","15":"tag-latviesuvaloda","16":"tag-latvija","17":"tag-lv"},"share_on_mastodon":{"url":"https:\/\/pubeurope.com\/@lv\/115531540313987242","error":""},"_links":{"self":[{"href":"https:\/\/www.europesays.com\/lv\/wp-json\/wp\/v2\/posts\/46240","targetHints":{"allow":["GET"]}}],"collection":[{"href":"https:\/\/www.europesays.com\/lv\/wp-json\/wp\/v2\/posts"}],"about":[{"href":"https:\/\/www.europesays.com\/lv\/wp-json\/wp\/v2\/types\/post"}],"author":[{"embeddable":true,"href":"https:\/\/www.europesays.com\/lv\/wp-json\/wp\/v2\/users\/2"}],"replies":[{"embeddable":true,"href":"https:\/\/www.europesays.com\/lv\/wp-json\/wp\/v2\/comments?post=46240"}],"version-history":[{"count":0,"href":"https:\/\/www.europesays.com\/lv\/wp-json\/wp\/v2\/posts\/46240\/revisions"}],"wp:featuredmedia":[{"embeddable":true,"href":"https:\/\/www.europesays.com\/lv\/wp-json\/wp\/v2\/media\/46241"}],"wp:attachment":[{"href":"https:\/\/www.europesays.com\/lv\/wp-json\/wp\/v2\/media?parent=46240"}],"wp:term":[{"taxonomy":"category","embeddable":true,"href":"https:\/\/www.europesays.com\/lv\/wp-json\/wp\/v2\/categories?post=46240"},{"taxonomy":"post_tag","embeddable":true,"href":"https:\/\/www.europesays.com\/lv\/wp-json\/wp\/v2\/tags?post=46240"}],"curies":[{"name":"wp","href":"https:\/\/api.w.org\/{rel}","templated":true}]}}