{"id":46279,"date":"2025-11-11T15:06:09","date_gmt":"2025-11-11T15:06:09","guid":{"rendered":"https:\/\/www.europesays.com\/lv\/46279\/"},"modified":"2025-11-11T15:06:09","modified_gmt":"2025-11-11T15:06:09","slug":"sadales-tikls-piegada-koka-balstus-igaunijas-sadales-sistemas-operatoram-dienas-bizness","status":"publish","type":"post","link":"https:\/\/www.europesays.com\/lv\/46279\/","title":{"rendered":"Sadales t\u012bkls pieg\u0101d\u0101 koka balstus Igaunijas sadales sist\u0113mas operatoram :: Dienas Bizness"},"content":{"rendered":"<p class=\"text-font font-size--text-xlarge margin-3--bottom font-weight--bold padding-1--top\">AS &#8220;Sadales t\u012bkls&#8221; nosl\u0113dzis eksporta pilotprojektu par uz\u0146\u0113muma ra\u017eoto koka balstu pieg\u0101di ar Igaunijas sadales sist\u0113mas operatoru (SSO) &#8220;Elektrilevi&#8221;, inform\u0113ja &#8220;Sadales t\u012bkl\u0101&#8221;.<\/p>\n<p class=\"text-font font-size--text-xlarge margin-3--bottom\">Lielu da\u013cu &#8220;Sadales t\u012bkla&#8221; elektrot\u012bkla veido virszemes infrastrukt\u016bra, kuras neat\u0146emama sast\u0101vda\u013ca ir ar\u012b koka balsti. Elektrot\u012bklam nepiecie\u0161amos koka balstus uz\u0146\u0113mums ra\u017eo koka balstu ra\u017eotn\u0113.<\/p>\n<p class=\"text-font font-size--text-xlarge margin-3--bottom\">Balsti ir starptautiski sertific\u0113ts produkts, kura izejmateri\u0101ls ir Latvijas priede. Savuk\u0101rt b\u016btisks produkta kvalit\u0101tes priek\u0161noteikums ir iesp\u0113ja izsekot kvalit\u0101tei katr\u0101 ra\u017eo\u0161anas posm\u0101.<\/p>\n<p class=\"text-font font-size--text-xlarge margin-3--bottom\">&#8220;Sadales t\u012bkla&#8221; koka balstu ra\u017eo\u0161anas kapacit\u0101te ir pietiekama, lai piln\u012bb\u0101 nosegtu Latvijas vajadz\u012bbas un vienlaikus att\u012bst\u012btu ar\u012b eksportu. T\u0101d\u0113j\u0101di eksports tiek veidots k\u0101 papildu att\u012bst\u012bbas virziens, nekonkur\u0113jot ar pamatvajadz\u012bbu nodro\u0161in\u0101jumu. Vienlaikus Latvijas tirg\u016b &#8220;Sadales t\u012bkls&#8221; koka balstus ra\u017eo tikai sav\u0101m vajadz\u012bb\u0101m &#8211; elektrot\u012bkla uztur\u0113\u0161anai, uzsver uz\u0146\u0113mum\u0101.<\/p>\n<p class=\"text-font font-size--text-xlarge margin-3--bottom\">Par &#8220;Sadales t\u012bkla&#8221; koka balstu ieg\u0101di interesi paudu\u0161i ar\u012b citi uz\u0146\u0113mumi Eirop\u0101. L\u012bdz ar to ie\u0146\u0113mumus no eksporta pl\u0101nots ieguld\u012bt uz\u0146\u0113muma att\u012bst\u012bb\u0101 &#8211; koka balstu ra\u017eo\u0161anas efektivit\u0101tes paaugstin\u0101\u0161an\u0101 un jaunu produktu un pakalpojumu izstr\u0101d\u0113.<\/p>\n<p class=\"text-font font-size--text-xlarge margin-3--bottom\">Papildu ie\u0146\u0113mumi, p\u0113c komp\u0101nij\u0101 min\u0113t\u0101, stiprin\u0101s uz\u0146\u0113muma finan\u0161u b\u0101zi un ilgtermi\u0146\u0101 pal\u012bdz\u0113s nodro\u0161in\u0101t arvien stabil\u0101ku elektroapg\u0101des sist\u0113mas uztur\u0113\u0161anu.<\/p>\n<p class=\"text-font font-size--text-xlarge margin-3--bottom\">Ekonomikas ministrs Viktors Valainis (ZZS) nor\u0101da, ka dar\u012bjums ir piem\u0113rs tam, k\u0101 valsts kapit\u0101lsabiedr\u012bba sp\u0113j izmantot zin\u0101\u0161anas un resursus jaunu eksporta iesp\u0113ju rad\u012b\u0161anai. &#8220;&#8221;Sadales t\u012bkla&#8221; pirmais eksporta dar\u012bjums ar Igaunijas partneriem apliecina Latvijas uz\u0146\u0113mumu konkur\u0113tsp\u0113ju un kvalit\u0101ti ar\u012b \u0101rvalst\u012bs. \u0160\u0101das iniciat\u012bvas stiprina Latvijas re\u0123ion\u0101lo sadarb\u012bbu un pal\u012bdz veidot ilgtsp\u0113j\u012bgu, uz inov\u0101cij\u0101m balst\u012btu ener\u0123\u0113tikas nozari,&#8221; papildina ministrs.<\/p>\n<p class=\"text-font font-size--text-xlarge margin-3--bottom\">&#8220;Sadales t\u012bkla&#8221; valdes priek\u0161s\u0113d\u0113t\u0101js Sandis Jansons nor\u0101da, ka galvenais &#8220;Sadales t\u012bkla&#8221; uzdevums ir nodro\u0161in\u0101t nep\u0101rtrauktu un dro\u0161u elektroapg\u0101di Latvij\u0101. Vienlaikus uz\u0146\u0113mums vienm\u0113r mekl\u0113 veidus, k\u0101 att\u012bst\u012bties, efektiviz\u0113t procesus un diversific\u0113t ie\u0146\u0113mumu b\u0101zi &#8211; tas ilgtermi\u0146\u0101 pal\u012bdz veidot ilgtsp\u0113j\u012bgu uz\u0146\u0113muma finan\u0161u modeli.<\/p>\n<p class=\"text-font font-size--text-xlarge margin-3--bottom\">Vi\u0146\u0161 ar\u012b uzsver ka \u0161is ir pilotprojekts, uz kura b\u0101zes &#8220;Sadales t\u012bkls&#8221; var\u0113s turpin\u0101t eksporta att\u012bst\u012bbu.<\/p>\n<p class=\"text-font font-size--text-xlarge margin-3--bottom\">Jau zi\u0146ots, ka &#8220;Sadales t\u012bkls&#8221; ar &#8220;Elektrilevi&#8221; ir nosl\u0113dzis ar\u012b divpus\u0113ju sapra\u0161an\u0101s memorandu par savstarp\u0113ju pal\u012bdz\u012bbu pla\u0161a m\u0113roga t\u012bkla boj\u0101jumu gad\u012bjumos un ar to saist\u012bt\u0101m m\u0101c\u012bbu, pieredzes apmai\u0146as un inov\u0101ciju att\u012bst\u012bbas aktivit\u0101t\u0113m.<\/p>\n<p class=\"text-font font-size--text-xlarge margin-3--bottom\">Pl\u0101nots, ka \u0161im memorandam tuv\u0101kaj\u0101 laik\u0101 var\u0113tu pievienoties ar\u012b Lietuvas SSO &#8220;ESO&#8221;, t\u0101d\u0113j\u0101di nostiprinot sadarb\u012bbu visas Baltijas m\u0113rog\u0101.<\/p>\n<p class=\"text-font font-size--text-xlarge margin-3--bottom\">Memoranda m\u0113r\u0137is ir nodro\u0161in\u0101t \u0101tr\u0101ku, p\u0101rskat\u0101m\u0101ku un koordin\u0113t\u0101ku pal\u012bdz\u012bbas snieg\u0161anu situ\u0101cij\u0101s, kad iek\u0161\u0113jie resursi ir izsmelti vai nepietiekami, vienlaikus saglab\u0101jot nacion\u0101lo priorit\u0101ti un darba dro\u0161\u012bbu k\u0101 augst\u0101ko principu. Neparasti stipru v\u0113tru, pl\u016bdu, me\u017ea ugunsgr\u0113ku vai citu stihiju gad\u012bjum\u0101 t\u012bkl\u0101 var rasties pla\u0161a m\u0113roga boj\u0101jumi, kuru nov\u0113r\u0161anai nepiecie\u0161ama koordin\u0113ta p\u0101rrobe\u017eu sadarb\u012bba starp Baltijas valstu operatoriem, nor\u0101da komp\u0101nij\u0101.<\/p>\n<p class=\"text-font font-size--text-xlarge margin-3--bottom\">&#8220;Sadales t\u012bkla&#8221; apgroz\u012bjums pag\u0101ju\u0161aj\u0101 gad\u0101 bija 371,812 miljoni eiro, bet pe\u013c\u0146a &#8211; 28,256 miljoni eiro.<\/p>\n<p class=\"text-font font-size--text-xlarge margin-3--bottom\">&#8220;Sadales t\u012bkls&#8221; ir valstij piedero\u0161aj\u0101 &#8220;Latvenergo&#8221; koncern\u0101 ietilpsto\u0161s elektrot\u012bkla uztur\u0113t\u0101js un att\u012bst\u012bt\u0101js Latvij\u0101. Komp\u0101nija nodro\u0161ina sadales elektrot\u012bklu ekspluat\u0101ciju, atjauno\u0161anu un pl\u0101nveida att\u012bst\u012bbu, elektroener\u0123ijas izlieto\u0161anas uzraudz\u012bbu, zudumu samazin\u0101\u0161anas pas\u0101kumus un elektroener\u0123ijas uzskaiti, k\u0101 ar\u012b veic jaunu piesl\u0113gumu izveidi.<\/p>\n<p><a href=\"https:\/\/www.europesays.com\/lv\/wp-content\/uploads\/2025\/11\/523997__69133a5bc2923.jpg\" target=\"_blank\" onclick=\"ga('send','event','image-fullscreen','523997');\"><img decoding=\"async\" class=\"lazy image-contain modernize-objectfit\" src=\"https:\/\/www.europesays.com\/lv\/wp-content\/uploads\/2025\/11\/523997__69133a5bc2923.jpg\" style=\"font-family: 'object-fit: contain;'; object-fit: contain\"\/><\/a><a href=\"https:\/\/www.europesays.com\/lv\/wp-content\/uploads\/2025\/11\/523997__69133a5e4f126.jpg\" target=\"_blank\" onclick=\"ga('send','event','image-fullscreen','523997');\"><img decoding=\"async\" class=\"lazy image-contain modernize-objectfit\" src=\"https:\/\/www.europesays.com\/lv\/wp-content\/uploads\/2025\/11\/523997__69133a5e4f126.jpg\" style=\"font-family: 'object-fit: contain;'; object-fit: contain\"\/><\/a><\/p>\n<p>Skat\u012bties p\u0101r\u0113jos att\u0113lus<\/p>\n","protected":false},"excerpt":{"rendered":"AS &#8220;Sadales t\u012bkls&#8221; nosl\u0113dzis eksporta pilotprojektu par uz\u0146\u0113muma ra\u017eoto koka balstu pieg\u0101di ar Igaunijas sadales sist\u0113mas operatoru (SSO)&hellip;\n","protected":false},"author":2,"featured_media":46280,"comment_status":"","ping_status":"","sticky":false,"template":"","format":"standard","meta":{"footnotes":""},"categories":[16],"tags":[869,77,870,76,867,35,39,38,36,37,34,871,868,40,21],"class_list":{"0":"post-46279","1":"post","2":"type-post","3":"status-publish","4":"format-standard","5":"has-post-thumbnail","7":"category-bizness","8":"tag-biznesa-zinas","9":"tag-bizness","10":"tag-bizness-latvija","11":"tag-business","12":"tag-dienas-zinas","13":"tag-latvia","14":"tag-latvian","15":"tag-latviesu","16":"tag-latviesu-valoda","17":"tag-latviesuvaloda","18":"tag-latvija","19":"tag-latvijas-biznesa-zinas","20":"tag-latvijas-zinas","21":"tag-lv","22":"tag-zinas"},"share_on_mastodon":{"url":"https:\/\/pubeurope.com\/@lv\/115531689774517100","error":""},"_links":{"self":[{"href":"https:\/\/www.europesays.com\/lv\/wp-json\/wp\/v2\/posts\/46279","targetHints":{"allow":["GET"]}}],"collection":[{"href":"https:\/\/www.europesays.com\/lv\/wp-json\/wp\/v2\/posts"}],"about":[{"href":"https:\/\/www.europesays.com\/lv\/wp-json\/wp\/v2\/types\/post"}],"author":[{"embeddable":true,"href":"https:\/\/www.europesays.com\/lv\/wp-json\/wp\/v2\/users\/2"}],"replies":[{"embeddable":true,"href":"https:\/\/www.europesays.com\/lv\/wp-json\/wp\/v2\/comments?post=46279"}],"version-history":[{"count":0,"href":"https:\/\/www.europesays.com\/lv\/wp-json\/wp\/v2\/posts\/46279\/revisions"}],"wp:featuredmedia":[{"embeddable":true,"href":"https:\/\/www.europesays.com\/lv\/wp-json\/wp\/v2\/media\/46280"}],"wp:attachment":[{"href":"https:\/\/www.europesays.com\/lv\/wp-json\/wp\/v2\/media?parent=46279"}],"wp:term":[{"taxonomy":"category","embeddable":true,"href":"https:\/\/www.europesays.com\/lv\/wp-json\/wp\/v2\/categories?post=46279"},{"taxonomy":"post_tag","embeddable":true,"href":"https:\/\/www.europesays.com\/lv\/wp-json\/wp\/v2\/tags?post=46279"}],"curies":[{"name":"wp","href":"https:\/\/api.w.org\/{rel}","templated":true}]}}