{"id":46315,"date":"2025-11-11T15:50:09","date_gmt":"2025-11-11T15:50:09","guid":{"rendered":"https:\/\/www.europesays.com\/lv\/46315\/"},"modified":"2025-11-11T15:50:09","modified_gmt":"2025-11-11T15:50:09","slug":"saeimas-deputati-rosina-parlamentu-taupit-vairak","status":"publish","type":"post","link":"https:\/\/www.europesays.com\/lv\/46315\/","title":{"rendered":"Saeimas deput\u0101ti rosina parlamentu taup\u012bt vair\u0101k"},"content":{"rendered":"<p>K\u0101rkli\u0146a ieskic\u0113ja, ka liel\u0101kais darbs, kas ir priek\u0161\u0101, ir Saeimas sasaukuma mai\u0146a &#8211; j\u0101veic frakciju rot\u0101cija, \u0113kas Tor\u0146u iel\u0101 &#8220;uzfri\u0161in\u0101\u0161ana&#8221;. T\u0101pat izdevumi atv\u0113l\u0113ti starptautiskaj\u0101m sadarb\u012bb\u0101m, piem\u0113ram, NATO parlament\u0101r\u0101s asamblejas uz\u0146em\u0161ana.<\/p>\n<p>\u0100brama izvirz\u012bja ideju par Saeimas deput\u0101tu viesn\u012bcas ier\u012bko\u0161anu, lai mazin\u0101tu izdevumus, kas saist\u012bti ar kompens\u0101cij\u0101m deput\u0101tiem. Vi\u0146a nor\u0101d\u012bja, ka cit\u0101s valst\u012bs t\u0101das esot, un tas radot &#8220;milz\u012bgu ietaup\u012bjumu&#8221;.<\/p>\n<p>Kaspars Bri\u0161kens (P) aicin\u0101ja, ja iesp\u0113jams, ieg\u0101d\u0101ties m\u0101ksl\u012bg\u0101 intelekta licences.<\/p>\n<p>Pie frakcij\u0101m nepiedero\u0161ais deput\u0101ts Andrejs Ce\u013cap\u012bters aicin\u0101ja neveikt Saeimas \u0113kas renov\u0101ciju, nor\u0101dot, ka, vi\u0146apr\u0101t, parlamenta nams ir lab\u0101 st\u0101vokl\u012b, tam nevajadz\u0113tu t\u0113r\u0113ties. Vi\u0146\u0161 pauda \u0161aubas, ka 2032. gad\u0101 izdosies uzs\u0101kt parlamenta remontdarbus.<\/p>\n<p>J\u0101nis Zari\u0146\u0161 (JV) rosin\u0101ja mazin\u0101t birokr\u0101tiju, piem\u0113ram, nel\u016bdzot deput\u0101tiem parakst\u012bt at\u013caujas, lai vi\u0146u pal\u012bgi var\u0113tu izmantot deput\u0101tu darba kabinetus, vai \u013cautu pal\u012bgiem uztur\u0113ties Saeimas telp\u0101s l\u012bdz plkst. 21. Saeimas Administr\u0101cijas p\u0101rst\u0101ve nor\u0101d\u012bja, ka <a href=\"https:\/\/www.apollo.lv\/term\/556185\/saeima\" class=\"topicLink\" target=\"_blank\" rel=\"nofollow noopener\">Saeima<\/a> ir kritisk\u0101s infrastrukt\u016bras objekts un dro\u0161\u012bbas jaut\u0101jumos kompromisu neb\u016b\u0161ot.<\/p>\n<p>Al\u012bna Gendele (JV) nor\u0101d\u012bja, ka esot v\u012blusies, jo dom\u0101jusi, ka Saeimas bud\u017eet\u0101 b\u016bs samazin\u0101jums. P\u0113c vi\u0146as dom\u0101m, Saeimai j\u0101r\u0101da piem\u0113rs, un tagad n\u0101ksies taisnoties sabiedr\u012bbas priek\u0161\u0101.<\/p>\n<p>\u0100brama rosin\u0101ja skat\u012bties ar\u012b uz izdevumu samazin\u0101jumu starptautisk\u0101s sadarb\u012bbas pas\u0101kumiem &#8211; paskat\u012bties, vai visi \u0161ie t\u0113ri\u0146i ir lietder\u012bgi, vai pavado\u0161ais person\u0101ls \u0101rvalstu viz\u012bt\u0113s nav par lielu.<\/p>\n<p>Pie frakcij\u0101m nepiedero\u0161\u0101 deput\u0101te Viktorija Ple\u0161k\u0101ne vaic\u0101ja, vai Saeim\u0101 nav par daudz darbinieku sabiedrisko attiec\u012bbu biroj\u0101, k\u0101 ar\u012b vai Saeimas Prezidija locek\u013ciem nav par daudz pal\u012bgu. Atsaucoties uz izskan\u0113ju\u0161o ideju par deput\u0101tu viesn\u012bcu, Ple\u0161k\u0101ne interes\u0113j\u0101s, vai deput\u0101tus nevar\u0113tu izmitin\u0101t J\u016brmalas rezidenc\u0113.<\/p>\n<p>K\u0101rkli\u0146a nor\u0101d\u012bja, ka vien\u0101 \u0113k\u0101 J\u016brmal\u0101 iesp\u0113jams palikt 11 cilv\u0113kiem &#8211; t\u0101 tiek izmantota diplom\u0101tijai. Otra \u0113ka, \u0146emot v\u0113r\u0101 tehnisko st\u0101vokli, \u0161obr\u012bd akt\u012bvi izmantota netiek.<\/p>\n","protected":false},"excerpt":{"rendered":"K\u0101rkli\u0146a ieskic\u0113ja, ka liel\u0101kais darbs, kas ir priek\u0161\u0101, ir Saeimas sasaukuma mai\u0146a &#8211; j\u0101veic frakciju rot\u0101cija, \u0113kas Tor\u0146u&hellip;\n","protected":false},"author":2,"featured_media":37976,"comment_status":"","ping_status":"","sticky":false,"template":"","format":"standard","meta":{"footnotes":""},"categories":[12],"tags":[23,28,29,32,33,22,30,31,35,39,38,36,37,34,40,20,2807,26,27,141,24,25,331,21],"class_list":{"0":"post-46315","1":"post","2":"type-post","3":"status-publish","4":"format-standard","5":"has-post-thumbnail","7":"category-latvija","8":"tag-aktualitates","9":"tag-breaking-news","10":"tag-breakingnews","11":"tag-featured-news","12":"tag-featurednews","13":"tag-headlines","14":"tag-latest-news","15":"tag-latestnews","16":"tag-latvia","17":"tag-latvian","18":"tag-latviesu","19":"tag-latviesu-valoda","20":"tag-latviesuvaloda","21":"tag-latvija","22":"tag-lv","23":"tag-news","24":"tag-parlaments","25":"tag-popularakas-zinas","26":"tag-popularakaszinas","27":"tag-saeima","28":"tag-top-stories","29":"tag-topstories","30":"tag-valsts-budzets","31":"tag-zinas"},"share_on_mastodon":{"url":"https:\/\/pubeurope.com\/@lv\/115531862745008292","error":""},"_links":{"self":[{"href":"https:\/\/www.europesays.com\/lv\/wp-json\/wp\/v2\/posts\/46315","targetHints":{"allow":["GET"]}}],"collection":[{"href":"https:\/\/www.europesays.com\/lv\/wp-json\/wp\/v2\/posts"}],"about":[{"href":"https:\/\/www.europesays.com\/lv\/wp-json\/wp\/v2\/types\/post"}],"author":[{"embeddable":true,"href":"https:\/\/www.europesays.com\/lv\/wp-json\/wp\/v2\/users\/2"}],"replies":[{"embeddable":true,"href":"https:\/\/www.europesays.com\/lv\/wp-json\/wp\/v2\/comments?post=46315"}],"version-history":[{"count":0,"href":"https:\/\/www.europesays.com\/lv\/wp-json\/wp\/v2\/posts\/46315\/revisions"}],"wp:featuredmedia":[{"embeddable":true,"href":"https:\/\/www.europesays.com\/lv\/wp-json\/wp\/v2\/media\/37976"}],"wp:attachment":[{"href":"https:\/\/www.europesays.com\/lv\/wp-json\/wp\/v2\/media?parent=46315"}],"wp:term":[{"taxonomy":"category","embeddable":true,"href":"https:\/\/www.europesays.com\/lv\/wp-json\/wp\/v2\/categories?post=46315"},{"taxonomy":"post_tag","embeddable":true,"href":"https:\/\/www.europesays.com\/lv\/wp-json\/wp\/v2\/tags?post=46315"}],"curies":[{"name":"wp","href":"https:\/\/api.w.org\/{rel}","templated":true}]}}