{"id":46326,"date":"2025-11-11T16:01:09","date_gmt":"2025-11-11T16:01:09","guid":{"rendered":"https:\/\/www.europesays.com\/lv\/46326\/"},"modified":"2025-11-11T16:01:09","modified_gmt":"2025-11-11T16:01:09","slug":"militarizeto-es-agresivo-nato-kritizejosa-un-palestiniesus-atbalstosa-ketrina-konolija-stajas-irijas-prezidentes-amata","status":"publish","type":"post","link":"https:\/\/www.europesays.com\/lv\/46326\/","title":{"rendered":"&#8220;Militariz\u0113to&#8221; ES, &#8220;agres\u012bvo&#8221; NATO kritiz\u0113jo\u0161\u0101 un palest\u012bnie\u0161us atbalsto\u0161\u0101 Ketr\u012bna Konolija st\u0101jas \u012arijas prezidentes amat\u0101"},"content":{"rendered":"<p>J\u0101piebilst, ka Konolija pazi\u0146ojusi, ka mieru \u012arij\u0101 apdraud Eiropas &#8220;karu t\u012bkojo\u0161ais milit\u0101r\u0101s industrijas komplekss&#8221;, un piln\u012bgi nevar uztic\u0113ties t\u0101d\u0101m valst\u012bm, k\u0101 ASV, Lielbrit\u0101nija un Francija, kas ir &#8220;dzi\u013ci iestigu\u0161as iero\u010du ra\u017eo\u0161anas industrij\u0101, kas izraisa asinspirtis vis\u0101 pasaul\u0113&#8221;, v\u0113sta &#8220;The Irish Times&#8221;. Vi\u0146as apgalvojumi, ka V\u0101cijas pieaug\u0161ie milit\u0101rie izdevumi rada &#8220;paral\u0113les ar tr\u012bsdesmitajiem gadiem&#8221;, pau\u017eot m\u0101jienu ar nacistisk\u0101s V\u0101cijas re\u017e\u012bma apbru\u0146o\u0161an\u0101s kampa\u0146u, izrais\u012bja gan V\u0101cijas v\u0113stnieka \u012arij\u0101 Davida Gila, gan \u012arijas premjerministra Mihola M\u0101rtina kritiku. Konolija ar\u012b apgalvoja, ka Eiropas Komisijas prezidentes Urzulas fon der Leienas vad\u012bb\u0101 Eiropas Savien\u012bba k\u013cuvusi &#8220;aizvien vair\u0101k militariz\u0113ta&#8221; un vi\u0146u aps\u016bdz\u0113ja liekul\u012bb\u0101, kad Leiena nosoda Krievijas agresiju Ukrain\u0101, bet esot pas\u012bva sakar\u0101 ar Izra\u0113las r\u012bc\u012bbu Gaz\u0101. 2025. gada Eiropas dien\u0101 Konolija pazi\u0146oja, ka vi\u0146ai ir &#8220;kauns b\u016bt eiropietei&#8221;, jo pa\u0161reiz\u0113j\u0101 ES vad\u012bba ir labv\u0113l\u012bga &#8220;genoc\u012bdu piekopjo\u0161ajai&#8221; Izra\u0113lai.\u00a0Kaut gan Konolija nosoda Krievijas agresiju un atbalsta sankcijas pret to, vi\u0146a nosod\u012bjusi ar\u012b &#8220;karu alksto\u0161\u0101&#8221; NATO papla\u0161in\u0101\u0161anos uz austrumiem l\u012bdz Krievijas robe\u017e\u0101m.<\/p>\n","protected":false},"excerpt":{"rendered":"J\u0101piebilst, ka Konolija pazi\u0146ojusi, ka mieru \u012arij\u0101 apdraud Eiropas &#8220;karu t\u012bkojo\u0161ais milit\u0101r\u0101s industrijas komplekss&#8221;, un piln\u012bgi nevar uztic\u0113ties&hellip;\n","protected":false},"author":2,"featured_media":46327,"comment_status":"","ping_status":"","sticky":false,"template":"","format":"standard","meta":{"footnotes":""},"categories":[14],"tags":[23,57,28,29,32,33,22,30,31,35,39,38,36,37,34,40,20,26,27,24,25,54,55,56,21,58],"class_list":{"0":"post-46326","1":"post","2":"type-post","3":"status-publish","4":"format-standard","5":"has-post-thumbnail","7":"category-zinas-no-arvalstim","8":"tag-aktualitates","9":"tag-arvalstim","10":"tag-breaking-news","11":"tag-breakingnews","12":"tag-featured-news","13":"tag-featurednews","14":"tag-headlines","15":"tag-latest-news","16":"tag-latestnews","17":"tag-latvia","18":"tag-latvian","19":"tag-latviesu","20":"tag-latviesu-valoda","21":"tag-latviesuvaloda","22":"tag-latvija","23":"tag-lv","24":"tag-news","25":"tag-popularakas-zinas","26":"tag-popularakaszinas","27":"tag-top-stories","28":"tag-topstories","29":"tag-world","30":"tag-world-news","31":"tag-worldnews","32":"tag-zinas","33":"tag-zinas-no-arvalstim"},"share_on_mastodon":{"url":"https:\/\/pubeurope.com\/@lv\/115531906031964375","error":""},"_links":{"self":[{"href":"https:\/\/www.europesays.com\/lv\/wp-json\/wp\/v2\/posts\/46326","targetHints":{"allow":["GET"]}}],"collection":[{"href":"https:\/\/www.europesays.com\/lv\/wp-json\/wp\/v2\/posts"}],"about":[{"href":"https:\/\/www.europesays.com\/lv\/wp-json\/wp\/v2\/types\/post"}],"author":[{"embeddable":true,"href":"https:\/\/www.europesays.com\/lv\/wp-json\/wp\/v2\/users\/2"}],"replies":[{"embeddable":true,"href":"https:\/\/www.europesays.com\/lv\/wp-json\/wp\/v2\/comments?post=46326"}],"version-history":[{"count":0,"href":"https:\/\/www.europesays.com\/lv\/wp-json\/wp\/v2\/posts\/46326\/revisions"}],"wp:featuredmedia":[{"embeddable":true,"href":"https:\/\/www.europesays.com\/lv\/wp-json\/wp\/v2\/media\/46327"}],"wp:attachment":[{"href":"https:\/\/www.europesays.com\/lv\/wp-json\/wp\/v2\/media?parent=46326"}],"wp:term":[{"taxonomy":"category","embeddable":true,"href":"https:\/\/www.europesays.com\/lv\/wp-json\/wp\/v2\/categories?post=46326"},{"taxonomy":"post_tag","embeddable":true,"href":"https:\/\/www.europesays.com\/lv\/wp-json\/wp\/v2\/tags?post=46326"}],"curies":[{"name":"wp","href":"https:\/\/api.w.org\/{rel}","templated":true}]}}