{"id":46414,"date":"2025-11-11T18:21:29","date_gmt":"2025-11-11T18:21:29","guid":{"rendered":"https:\/\/www.europesays.com\/lv\/46414\/"},"modified":"2025-11-11T18:21:29","modified_gmt":"2025-11-11T18:21:29","slug":"manabalss-lv-aicina-saeimu-nodrosinat-finansejumu-tas-darbibai","status":"publish","type":"post","link":"https:\/\/www.europesays.com\/lv\/46414\/","title":{"rendered":"&#8220;ManaBalss.lv&#8221; aicina Saeimu nodro\u0161in\u0101t finans\u0113jumu t\u0101s darb\u012bbai"},"content":{"rendered":"<p>&#8220;Pilsonisk\u0101s l\u012bdzdal\u012bbas platformas &#8220;<a rel=\"noopener nofollow\" target=\"_blank\" href=\"https:\/\/www.delfi.lv\/temas\/56423782\/manabalsslv-1\" tag-id=\"56423782\">ManaBalss.lv<\/a>&#8221; past\u0101v\u0113\u0161ana joproj\u0101m ir apdraud\u0113ta, lai gan p\u0113d\u0113jo m\u0113ne\u0161u ziedojumi ir nedaudz uzlaboju\u0161i situ\u0101ciju. Platforma gandr\u012bz 15 gadus nodro\u0161ina iedz\u012bvot\u0101jiem iesp\u0113ju tie\u0161i ietekm\u0113t likumus un politiskos l\u0113mumus, un t\u0101s pazu\u0161ana noz\u012bm\u0113tu b\u016btiska demokr\u0101tijas instrumenta zaud\u0113jumu,&#8221; zi\u0146\u0101 medijiem nor\u0101da platformas p\u0101rst\u0101vji, l\u016bdzot Saeimu izstr\u0101d\u0101t past\u0101v\u012bgu finans\u0113\u0161anas meh\u0101nismu digit\u0101l\u0101s demokr\u0101tijas infrastukt\u016brai &#8220;ManaBalss.lv&#8221;.<\/p>\n<p>Organiz\u0101cija uzsver, ka t\u0101s noz\u012bme apliecin\u0101j\u0101s \u012bpa\u0161i spilgti, kad tika aktualiz\u0113ts jaut\u0101jums par Latvijas iesp\u0113jamo izst\u0101\u0161anos no Stambulas konvencijas. &#8220;Da\u017eu dienu laik\u0101 ap 100 000 cilv\u0113ku ar saviem parakstiem vair\u0101k\u0101s iniciat\u012bv\u0101s pauda savu nost\u0101ju, un tam bija re\u0101las sekas. \u0160is gad\u012bjums pier\u0101d\u012bja, ka ManaBalss.lv ir \u0101trs, dro\u0161s un uzticams meh\u0101nisms, kas \u013cauj sabiedr\u012bbai tie\u0161i ietekm\u0113t politisko dienask\u0101rt\u012bbu.&#8221;<\/p>\n<p>&#8220;\u2060\u0160odien Latvijas demokr\u0101tijai uzbr\u016bk \u2013 ar narat\u012bviem, ar idej\u0101m, ar hibr\u012bduzbrukumiem, ar milit\u0101ra uzbrukuma draudiem,&#8221; atg\u0101dina organiz\u0101cijas vad\u012bt\u0101js <a rel=\"noopener nofollow\" target=\"_blank\" href=\"https:\/\/www.delfi.lv\/temas\/50558047\/imants-breidaks\" tag-id=\"50558047\">Imants Breidaks<\/a>. &#8220;Ja ManaBalss platformas vairs neb\u016bs, tad visi jut\u012bsim, ka t\u0101s pietr\u016bkst, pilso\u0146iem vairs neb\u016bs iesp\u0113jas d\u0101vin\u0101t savas idejas Latvijai. Un tad jums un mums visiem paliks tikai v\u0113l\u0113\u0161anas, lai ietekm\u0113tu politiskos procesus \u2013 reizi \u010detros gados. Politi\u0137i j\u016bs uzklaus\u012bs, k\u0101 parasti \u2013 gadu pirms v\u0113l\u0113\u0161an\u0101m. Saeimas dienas k\u0101rt\u012bbu pilso\u0146i tie\u0161\u0101, ikdienas veid\u0101 vairs neveidos.&#8221;<\/p>\n<p class=\"m-0\">Seko &#8220;Delfi&#8221; ar\u012b  <a target=\"_blank\" href=\"https:\/\/www.instagram.com\/delfi.lv\/\" rel=\"nofollow noopener\">Instagram<\/a>  un <a target=\"_blank\" href=\"https:\/\/www.youtube.com\/channel\/UCw5foWtcJvAbUm64rv7jwUQ\" rel=\"nofollow noopener\">YouTube<\/a>  profil\u0101 \u2013 pievienojies, lai uzzin\u0101tu svar\u012bg\u0101ko un interesant\u0101ko pirmais!<\/p>\n<p>Publik\u0101cijas saturs vai t\u0101s jebk\u0101da apjoma da\u013ca ir aizsarg\u0101ts autorties\u012bbu objekts Autorties\u012bbu likuma izpratn\u0113, un t\u0101 izmanto\u0161ana bez izdev\u0113ja at\u013caujas ir aizliegta. Vair\u0101k lasi  <a target=\"_blank\" href=\"https:\/\/www.delfi.lv\/noteikumi#autortiesibas\" rel=\"nofollow noopener\">\u0161eit<\/a><script async src=\"\/\/www.instagram.com\/embed.js\"><\/script><\/p>\n","protected":false},"excerpt":{"rendered":"&#8220;Pilsonisk\u0101s l\u012bdzdal\u012bbas platformas &#8220;ManaBalss.lv&#8221; past\u0101v\u0113\u0161ana joproj\u0101m ir apdraud\u0113ta, lai gan p\u0113d\u0113jo m\u0113ne\u0161u ziedojumi ir nedaudz uzlaboju\u0161i situ\u0101ciju. Platforma&hellip;\n","protected":false},"author":2,"featured_media":46415,"comment_status":"","ping_status":"","sticky":false,"template":"","format":"standard","meta":{"footnotes":""},"categories":[5],"tags":[23,28,29,32,33,22,12937,30,31,35,39,38,36,37,34,40,1517,20,26,27,24,25,9191,21],"class_list":{"0":"post-46414","1":"post","2":"type-post","3":"status-publish","4":"format-standard","5":"has-post-thumbnail","7":"category-aktualitates","8":"tag-aktualitates","9":"tag-breaking-news","10":"tag-breakingnews","11":"tag-featured-news","12":"tag-featurednews","13":"tag-headlines","14":"tag-imants-breidaks","15":"tag-latest-news","16":"tag-latestnews","17":"tag-latvia","18":"tag-latvian","19":"tag-latviesu","20":"tag-latviesu-valoda","21":"tag-latviesuvaloda","22":"tag-latvija","23":"tag-lv","24":"tag-manabalss-lv","25":"tag-news","26":"tag-popularakas-zinas","27":"tag-popularakaszinas","28":"tag-top-stories","29":"tag-topstories","30":"tag-valsts-prezidents","31":"tag-zinas"},"share_on_mastodon":{"url":"https:\/\/pubeurope.com\/@lv\/115532456446191005","error":""},"_links":{"self":[{"href":"https:\/\/www.europesays.com\/lv\/wp-json\/wp\/v2\/posts\/46414","targetHints":{"allow":["GET"]}}],"collection":[{"href":"https:\/\/www.europesays.com\/lv\/wp-json\/wp\/v2\/posts"}],"about":[{"href":"https:\/\/www.europesays.com\/lv\/wp-json\/wp\/v2\/types\/post"}],"author":[{"embeddable":true,"href":"https:\/\/www.europesays.com\/lv\/wp-json\/wp\/v2\/users\/2"}],"replies":[{"embeddable":true,"href":"https:\/\/www.europesays.com\/lv\/wp-json\/wp\/v2\/comments?post=46414"}],"version-history":[{"count":0,"href":"https:\/\/www.europesays.com\/lv\/wp-json\/wp\/v2\/posts\/46414\/revisions"}],"wp:featuredmedia":[{"embeddable":true,"href":"https:\/\/www.europesays.com\/lv\/wp-json\/wp\/v2\/media\/46415"}],"wp:attachment":[{"href":"https:\/\/www.europesays.com\/lv\/wp-json\/wp\/v2\/media?parent=46414"}],"wp:term":[{"taxonomy":"category","embeddable":true,"href":"https:\/\/www.europesays.com\/lv\/wp-json\/wp\/v2\/categories?post=46414"},{"taxonomy":"post_tag","embeddable":true,"href":"https:\/\/www.europesays.com\/lv\/wp-json\/wp\/v2\/tags?post=46414"}],"curies":[{"name":"wp","href":"https:\/\/api.w.org\/{rel}","templated":true}]}}