{"id":46526,"date":"2025-11-11T21:29:04","date_gmt":"2025-11-11T21:29:04","guid":{"rendered":"https:\/\/www.europesays.com\/lv\/46526\/"},"modified":"2025-11-11T21:29:04","modified_gmt":"2025-11-11T21:29:04","slug":"nnd-rjtc-uzvaru-seriju-pagarina-cesis-florbols-sportacentrs-com","status":"publish","type":"post","link":"https:\/\/www.europesays.com\/lv\/46526\/","title":{"rendered":"&#8220;NND\/RJTC&#8221; uzvaru s\u0113riju pagarina C\u0113s\u012bs \u2013 Florbols \u2013 Sportacentrs.com"},"content":{"rendered":"<p>C\u0113s\u012bs notiku\u0161\u0101s sp\u0113les pirm\u0101 perioda vid\u016b R\u012bgas florbolistes bija izvirz\u012bju\u0161\u0101s vad\u012bb\u0101 ar 3:0. Pa bumbi\u0146ai m\u0101jinie\u010du komandas v\u0101rtos bija ieraid\u012bju\u0161as Anni P\u016bmalainena, Marta Reke un Loreta Nemiro. 12. min\u016bt\u0113 c\u0113snie\u010du nulli no rezult\u0101tu tablo ar prec\u012bzu metienu nodz\u0113sa Ol\u012bvija Jarohovi\u010da &#8211; 1:3. Divu v\u0101rtu p\u0101rsvars vie\u0161\u0146\u0101m bija ar\u012b p\u0113c pirm\u0101s tre\u0161da\u013cas &#8211; 4:2. Otr\u0101 perioda laik\u0101 r\u012bdzinieces iemeta par vienu golu vair\u0101k nek\u0101 m\u0101jinieces (7:4), bet vis\u0101 sp\u0113l\u0113 &#8220;NND\/RJTC&#8221; uzvar\u0113ja ar piecu v\u0101rtu p\u0101rsvaru &#8211; 11:6.<\/p>\n<p>Turn\u012bra tabula<\/p>\n<tr>VietaKomandaSp\u0113lesV\u0101rtiPunkti<\/tr>\n<tr class=\"even\">\n<td>1.<\/td>\n<td>Sparta Tallinn<\/td>\n<td class=\"ralign\">7<\/td>\n<td class=\"ralign\">55:26<\/td>\n<td class=\"ralign\">17<\/td>\n<\/tr>\n<tr class=\"odd\">\n<td>2.<\/td>\n<td>Rubene<\/td>\n<td class=\"ralign\">6<\/td>\n<td class=\"ralign\">39:11<\/td>\n<td class=\"ralign\">15<\/td>\n<\/tr>\n<tr class=\"even\">\n<td>3.<\/td>\n<td>EMU SK<\/td>\n<td class=\"ralign\">5<\/td>\n<td class=\"ralign\">27:16<\/td>\n<td class=\"ralign\">12<\/td>\n<\/tr>\n<tr class=\"odd\">\n<td>4.<\/td>\n<td>NND\/RJTC<\/td>\n<td class=\"ralign\">6<\/td>\n<td class=\"ralign\">26:17<\/td>\n<td class=\"ralign\">12<\/td>\n<\/tr>\n<tr class=\"even\">\n<td>5.<\/td>\n<td>FK \u0136ekava\/Latvijas Mediji<\/td>\n<td class=\"ralign\">7<\/td>\n<td class=\"ralign\">22:43<\/td>\n<td class=\"ralign\">4<\/td>\n<\/tr>\n<tr class=\"odd\">\n<td>6.<\/td>\n<td>R\u012bgas Lauvas<\/td>\n<td class=\"ralign\">3<\/td>\n<td class=\"ralign\">4:21<\/td>\n<td class=\"ralign\">0<\/td>\n<\/tr>\n<tr class=\"even\">\n<td>7.<\/td>\n<td>Lekrings<\/td>\n<td class=\"ralign\">6<\/td>\n<td class=\"ralign\">21:60<\/td>\n<td class=\"ralign\">0<\/td>\n<\/tr>\n<p>Izmantotie resursi:<br \/><a target=\"_blank\" href=\"http:\/\/www.floorball.lv\" rel=\"nofollow noopener\">Latvijas Florbola savien\u012bba \u00bb LV \u00bb&#8230;<\/a><\/p>\n","protected":false},"excerpt":{"rendered":"C\u0113s\u012bs notiku\u0161\u0101s sp\u0113les pirm\u0101 perioda vid\u016b R\u012bgas florbolistes bija izvirz\u012bju\u0161\u0101s vad\u012bb\u0101 ar 3:0. Pa bumbi\u0146ai m\u0101jinie\u010du komandas v\u0101rtos&hellip;\n","protected":false},"author":2,"featured_media":46527,"comment_status":"","ping_status":"","sticky":false,"template":"","format":"standard","meta":{"footnotes":""},"categories":[17],"tags":[283,35,39,38,36,37,34,40,67],"class_list":{"0":"post-46526","1":"post","2":"type-post","3":"status-publish","4":"format-standard","5":"has-post-thumbnail","7":"category-sports","8":"tag-florbols","9":"tag-latvia","10":"tag-latvian","11":"tag-latviesu","12":"tag-latviesu-valoda","13":"tag-latviesuvaloda","14":"tag-latvija","15":"tag-lv","16":"tag-sports"},"share_on_mastodon":{"url":"https:\/\/pubeurope.com\/@lv\/115533195683872406","error":""},"_links":{"self":[{"href":"https:\/\/www.europesays.com\/lv\/wp-json\/wp\/v2\/posts\/46526","targetHints":{"allow":["GET"]}}],"collection":[{"href":"https:\/\/www.europesays.com\/lv\/wp-json\/wp\/v2\/posts"}],"about":[{"href":"https:\/\/www.europesays.com\/lv\/wp-json\/wp\/v2\/types\/post"}],"author":[{"embeddable":true,"href":"https:\/\/www.europesays.com\/lv\/wp-json\/wp\/v2\/users\/2"}],"replies":[{"embeddable":true,"href":"https:\/\/www.europesays.com\/lv\/wp-json\/wp\/v2\/comments?post=46526"}],"version-history":[{"count":0,"href":"https:\/\/www.europesays.com\/lv\/wp-json\/wp\/v2\/posts\/46526\/revisions"}],"wp:featuredmedia":[{"embeddable":true,"href":"https:\/\/www.europesays.com\/lv\/wp-json\/wp\/v2\/media\/46527"}],"wp:attachment":[{"href":"https:\/\/www.europesays.com\/lv\/wp-json\/wp\/v2\/media?parent=46526"}],"wp:term":[{"taxonomy":"category","embeddable":true,"href":"https:\/\/www.europesays.com\/lv\/wp-json\/wp\/v2\/categories?post=46526"},{"taxonomy":"post_tag","embeddable":true,"href":"https:\/\/www.europesays.com\/lv\/wp-json\/wp\/v2\/tags?post=46526"}],"curies":[{"name":"wp","href":"https:\/\/api.w.org\/{rel}","templated":true}]}}