{"id":46528,"date":"2025-11-11T21:31:03","date_gmt":"2025-11-11T21:31:03","guid":{"rendered":"https:\/\/www.europesays.com\/lv\/46528\/"},"modified":"2025-11-11T21:31:03","modified_gmt":"2025-11-11T21:31:03","slug":"kritums-asv-un-ukraina-bet-negaidits-kapums-uz-krieviju-septembri-lente-lv","status":"publish","type":"post","link":"https:\/\/www.europesays.com\/lv\/46528\/","title":{"rendered":"kritums ASV un Ukrain\u0101, bet negaid\u012bts k\u0101pums uz Krieviju septembr\u012b\u00a0\u2014\u00a0Lente.lv"},"content":{"rendered":"<p>Latvijas eksporta dinamika septembr\u012b: kritums ASV un Ukrain\u0101, pieaugums Krievij\u0101<\/p>\n<p>Septembris Latvijas tautsaimniec\u012bbas eksporta zi\u0146\u0101 iez\u012bm\u0113 pretrun\u012bgas tendences. Kam\u0113r tirdzniec\u012bbas apjomi ar Amerikas Savienotaj\u0101m Valst\u012bm un Ukrainu piedz\u012bvo kritumu, Krievijas virzien\u0101 v\u0113rojams k\u0101pums. \u0160\u012bs izmai\u0146as atspogu\u013co sare\u017e\u0123\u012bto \u0123eopolitisko un ekonomisko situ\u0101cijas glob\u0101laj\u0101 ar\u0113n\u0101, k\u0101 ar\u012b t\u0101s ietekmi uz nacion\u0101lo uz\u0146\u0113m\u0113jdarb\u012bbu.<\/p>\n<p>ASV tirgus: optisko ier\u012b\u010du un apar\u0101tu eksporta samazin\u0101jums<\/p>\n<p>Centr\u0101l\u0101s statistikas p\u0101rvaldes (CSP) dati atkl\u0101j, ka Latvijas eksports uz Amerikas Savienotaj\u0101m Valst\u012bm 2025. gada septembr\u012b, sal\u012bdzinot ar attiec\u012bgo periodu 2024. gad\u0101, ir samazin\u0101jies par 2%, sasniedzot 35,1 miljonu eiro. \u0160o kritumu galvenok\u0101rt izrais\u012bjis iev\u0113rojams optisko ier\u012b\u010du un apar\u0101tu, k\u0101 ar\u012b pulkste\u0146u un m\u016bzikas instrumentu eksporta apjoma kritums. Kop\u0113jais \u0161o pre\u010du grupu eksporta kritums sasniedzis 3,8 miljonus eiro jeb 61,4%. \u0160\u0101da situacija liecina par potenci\u0101l\u0101m probl\u0113m\u0101m ni\u0161as produktu piepras\u012bjum\u0101 vai pieg\u0101des \u0137\u0113d\u0113s, kas skar Latvijas ra\u017eot\u0101jus.<\/p>\n<p>Ukrainas tirgus: kara \u0113na turpina ietekm\u0113t tirdzniec\u012bbu<\/p>\n<p>Ukrainas tirgus ar\u012b turpina izr\u0101d\u012bt negat\u012bvas eksporta tendences. Lai gan konkr\u0113ti cipari par Ukrainas virzienu nav sniegti, kop\u0113jais eksporta kritums uz \u0161o valsti ir paredzams, \u0146emot v\u0113r\u0101 turpin\u0101to karadarb\u012bbu un ar to saist\u012bto ekonomisko nestabilit\u0101ti. Kara post\u012bjumi, infrastrukt\u016bras izn\u012bcin\u0101\u0161ana un ekonomikas sa\u0161aurin\u0101\u0161an\u0101s Ukrain\u0101 tie\u0161\u0101 veid\u0101 atspogu\u013cojas Latvijas uz\u0146\u0113mumu iesp\u0113j\u0101s un v\u0113lmei eksport\u0113t uz \u0161o valsti. Ir skumji redz\u0113t, k\u0101 konflikts turpina graut tirdzniec\u012bbas attiec\u012bbas, kas agr\u0101k bija stabilas un perspekt\u012bvas.<\/p>\n<p>Krievijas tirgus: negaid\u012bts eksporta pieaugums<\/p>\n<p>Pret\u0113ji kritumam citos tirgos, v\u0113rojams p\u0101rsteidzo\u0161s eksporta pieaugums uz Krieviju. Lai gan sankciju un \u0123eopolitisko spried\u017eu d\u0113\u013c var\u0113tu gaid\u012bt pret\u0113jo, Latvijas dati r\u0101da k\u0101pumu. Prec\u012bzi iemesli \u0161im pieaugumam v\u0113l ir j\u0101analiz\u0113, ta\u010du var pie\u0146emt, ka tas saist\u012bts ar noteiktu pre\u010du grupu piepras\u012bjuma pieaugumu, iesp\u0113jamu pieg\u0101des \u0137\u0113\u017eu p\u0101rk\u0101rto\u0161anos vai pat netie\u0161u tirdzniec\u012bbu caur tre\u0161aj\u0101m valst\u012bm. \u0160is aspekts rada jaut\u0101jumus par tirdzniec\u012bbas politikas efektivit\u0101ti un sankciju apie\u0161anu, un prasa r\u016bp\u012bgu izmekl\u0113\u0161anu.<\/p>\n<p>Kop\u0113j\u0101 aina: main\u012bgais starptautisk\u0101s tirdzniec\u012bbas ainava<\/p>\n<p>Kopum\u0101 Latvijas eksporta tendences septembr\u012b atspogu\u013co sare\u017e\u0123\u012btu un main\u012bgu starptautisk\u0101s tirdzniec\u012bbas ainavu. Vienlaic\u012bgs kritums uz Rietumiem un pieaugums uz Austrumiem liecina par sp\u0113c\u012bgu \u0123eopolitisko faktoru ietekmi uz ekonomiku. Uz\u0146\u0113m\u0113jiem ir j\u0101piel\u0101gojas \u0161iem apst\u0101k\u013ciem, mekl\u0113jot jaunus tirgus un strat\u0113\u0123ijas, lai uztur\u0113tu un att\u012bst\u012btu savu darb\u012bbu. \u0160\u012b dinamika pieprasa past\u0101v\u012bgu situ\u0101ciju monitor\u0113\u0161anu un strat\u0113\u0123isku pl\u0101no\u0161anu, lai nodro\u0161in\u0101tu Latvijas tautsaimniec\u012bbas notur\u012bbu un konkur\u0113tsp\u0113ju.<\/p>\n","protected":false},"excerpt":{"rendered":"Latvijas eksporta dinamika septembr\u012b: kritums ASV un Ukrain\u0101, pieaugums Krievij\u0101 Septembris Latvijas tautsaimniec\u012bbas eksporta zi\u0146\u0101 iez\u012bm\u0113 pretrun\u012bgas tendences.&hellip;\n","protected":false},"author":2,"featured_media":46529,"comment_status":"","ping_status":"","sticky":false,"template":"","format":"standard","meta":{"footnotes":""},"categories":[14],"tags":[23,57,28,29,47,32,33,22,12955,30,31,35,39,38,36,37,34,12953,40,20,26,27,12954,12476,24,25,54,55,56,21,58],"class_list":{"0":"post-46528","1":"post","2":"type-post","3":"status-publish","4":"format-standard","5":"has-post-thumbnail","7":"category-zinas-no-arvalstim","8":"tag-aktualitates","9":"tag-arvalstim","10":"tag-breaking-news","11":"tag-breakingnews","12":"tag-ekonomika","13":"tag-featured-news","14":"tag-featurednews","15":"tag-headlines","16":"tag-krievijas-eksports","17":"tag-latest-news","18":"tag-latestnews","19":"tag-latvia","20":"tag-latvian","21":"tag-latviesu","22":"tag-latviesu-valoda","23":"tag-latviesuvaloda","24":"tag-latvija","25":"tag-latvijas-eksports","26":"tag-lv","27":"tag-news","28":"tag-popularakas-zinas","29":"tag-popularakaszinas","30":"tag-starptautiska-tirdznieciba","31":"tag-tirgus-tendences","32":"tag-top-stories","33":"tag-topstories","34":"tag-world","35":"tag-world-news","36":"tag-worldnews","37":"tag-zinas","38":"tag-zinas-no-arvalstim"},"share_on_mastodon":{"url":"","error":"Validation failed: Text character limit of 500 exceeded"},"_links":{"self":[{"href":"https:\/\/www.europesays.com\/lv\/wp-json\/wp\/v2\/posts\/46528","targetHints":{"allow":["GET"]}}],"collection":[{"href":"https:\/\/www.europesays.com\/lv\/wp-json\/wp\/v2\/posts"}],"about":[{"href":"https:\/\/www.europesays.com\/lv\/wp-json\/wp\/v2\/types\/post"}],"author":[{"embeddable":true,"href":"https:\/\/www.europesays.com\/lv\/wp-json\/wp\/v2\/users\/2"}],"replies":[{"embeddable":true,"href":"https:\/\/www.europesays.com\/lv\/wp-json\/wp\/v2\/comments?post=46528"}],"version-history":[{"count":0,"href":"https:\/\/www.europesays.com\/lv\/wp-json\/wp\/v2\/posts\/46528\/revisions"}],"wp:featuredmedia":[{"embeddable":true,"href":"https:\/\/www.europesays.com\/lv\/wp-json\/wp\/v2\/media\/46529"}],"wp:attachment":[{"href":"https:\/\/www.europesays.com\/lv\/wp-json\/wp\/v2\/media?parent=46528"}],"wp:term":[{"taxonomy":"category","embeddable":true,"href":"https:\/\/www.europesays.com\/lv\/wp-json\/wp\/v2\/categories?post=46528"},{"taxonomy":"post_tag","embeddable":true,"href":"https:\/\/www.europesays.com\/lv\/wp-json\/wp\/v2\/tags?post=46528"}],"curies":[{"name":"wp","href":"https:\/\/api.w.org\/{rel}","templated":true}]}}