{"id":46530,"date":"2025-11-11T21:39:08","date_gmt":"2025-11-11T21:39:08","guid":{"rendered":"https:\/\/www.europesays.com\/lv\/46530\/"},"modified":"2025-11-11T21:39:08","modified_gmt":"2025-11-11T21:39:08","slug":"venecuela-pazino-par-armijas-mobilizaciju","status":"publish","type":"post","link":"https:\/\/www.europesays.com\/lv\/46530\/","title":{"rendered":"Venecu\u0113la pazi\u0146o par armijas mobiliz\u0101ciju"},"content":{"rendered":"<p><a href=\"https:\/\/www.tvnet.lv\/term\/555410\/asv\" class=\"topicLink\" target=\"_blank\" rel=\"nofollow noopener\">ASV<\/a> \u012bsteno milit\u0101ru kampa\u0146u Kar\u012bbu j\u016bras re\u0123ion\u0101 un Klus\u0101 oke\u0101na austrumu da\u013c\u0101, izvietojot j\u016bras un gaisa sp\u0113kus, kuru m\u0113r\u0137is, k\u0101 apgalvo Va\u0161ingtona, ir narkotiku kontrabandas ierobe\u017eo\u0161ana. Ta\u010du \u0161\u012b oper\u0101cija ir izrais\u012bjusi ba\u017eas Karakas\u0101, ka Va\u0161ingtonas patiesais m\u0113r\u0137is ir Venecu\u0113las prezidenta Nikolasa Maduro g\u0101\u0161ana.<\/p>\n<p>Saska\u0146\u0101 ar Savienoto Valstu publiskotajiem datiem kop\u0161 septembra s\u0101kuma ASV sp\u0113ki ir uzbruku\u0161i vismaz 20 ku\u0123iem starptautiskajos \u016bde\u0146os, nogalinot vismaz 76 cilv\u0113kus. Ta\u010du ASV v\u0113l nav publiskoju\u0161as pier\u0101d\u012bjumus, ka \u0161ie ku\u0123i tika izmantoti narkotiku kontrabandai vai ka tie apdraud\u0113ja ASV.<\/p>\n<p>Venecu\u0113las Aizsardz\u012bbas ministrija \u0161odien pazi\u0146oja par sauszemes, j\u016bras, gaisa, upju un ra\u0137e\u0161u sp\u0113ku, k\u0101 ar\u012b civil\u0101s zemessardzes mobiliz\u0101ciju. Valsts telev\u012bzijas kan\u0101ls VTV p\u0101rraid\u012bja kadrus ar milit\u0101rpersonu uzrun\u0101m vair\u0101kos Venecu\u0113las \u0161tatos.<\/p>\n<p>\u0160\u0101di ska\u013ci vald\u012bbas pazi\u0146ojumi Venecu\u0113l\u0101 ir ierasta par\u0101d\u012bba, ta\u010du tie ne vienm\u0113r noved pie ac\u012bmredzamas armijas mobiliz\u0113\u0161anas.<\/p>\n<p>ASV prezidents <a href=\"https:\/\/www.tvnet.lv\/term\/555636\/donalds-tramps\" class=\"topicLink\" target=\"_blank\" rel=\"nofollow noopener\">Donalds Tramps<\/a> pag\u0101ju\u0161aj\u0101 ned\u0113\u013c\u0101 mazin\u0101ja ba\u017eas par iesp\u0113jamu karu ar Venecu\u0113lu, bet izteic\u0101s, ka Maduro dienas ir saskait\u012btas.<\/p>\n<p>Savienot\u0101s Valstis ir devu\u0161as r\u012bkojumu nos\u016bt\u012bt avi\u0101cijas b\u0101zes ku\u0123a &#8220;Gerald R. Ford&#8221; trieciengrupu uz Lat\u012b\u0146ameriku, izvietoju\u0161as izn\u012bcin\u0101t\u0101jus F-35 Puertoriko un pa\u0161laik Kar\u012bbu j\u016br\u0101 atrodas se\u0161i ASV J\u016bras karaflotes ku\u0123i, kas piedal\u0101s narkotiku kontrabandas apkaro\u0161anas oper\u0101cij\u0101.<\/p>\n","protected":false},"excerpt":{"rendered":"ASV \u012bsteno milit\u0101ru kampa\u0146u Kar\u012bbu j\u016bras re\u0123ion\u0101 un Klus\u0101 oke\u0101na austrumu da\u013c\u0101, izvietojot j\u016bras un gaisa sp\u0113kus, kuru&hellip;\n","protected":false},"author":2,"featured_media":46531,"comment_status":"","ping_status":"","sticky":false,"template":"","format":"standard","meta":{"footnotes":""},"categories":[14],"tags":[23,57,292,28,29,542,32,33,22,30,31,35,39,38,36,37,34,40,20,26,27,24,25,358,54,55,56,21,58],"class_list":{"0":"post-46530","1":"post","2":"type-post","3":"status-publish","4":"format-standard","5":"has-post-thumbnail","7":"category-zinas-no-arvalstim","8":"tag-aktualitates","9":"tag-arvalstim","10":"tag-asv","11":"tag-breaking-news","12":"tag-breakingnews","13":"tag-donalds-tramps","14":"tag-featured-news","15":"tag-featurednews","16":"tag-headlines","17":"tag-latest-news","18":"tag-latestnews","19":"tag-latvia","20":"tag-latvian","21":"tag-latviesu","22":"tag-latviesu-valoda","23":"tag-latviesuvaloda","24":"tag-latvija","25":"tag-lv","26":"tag-news","27":"tag-popularakas-zinas","28":"tag-popularakaszinas","29":"tag-top-stories","30":"tag-topstories","31":"tag-venecuela","32":"tag-world","33":"tag-world-news","34":"tag-worldnews","35":"tag-zinas","36":"tag-zinas-no-arvalstim"},"share_on_mastodon":{"url":"https:\/\/pubeurope.com\/@lv\/115533235049190211","error":""},"_links":{"self":[{"href":"https:\/\/www.europesays.com\/lv\/wp-json\/wp\/v2\/posts\/46530","targetHints":{"allow":["GET"]}}],"collection":[{"href":"https:\/\/www.europesays.com\/lv\/wp-json\/wp\/v2\/posts"}],"about":[{"href":"https:\/\/www.europesays.com\/lv\/wp-json\/wp\/v2\/types\/post"}],"author":[{"embeddable":true,"href":"https:\/\/www.europesays.com\/lv\/wp-json\/wp\/v2\/users\/2"}],"replies":[{"embeddable":true,"href":"https:\/\/www.europesays.com\/lv\/wp-json\/wp\/v2\/comments?post=46530"}],"version-history":[{"count":0,"href":"https:\/\/www.europesays.com\/lv\/wp-json\/wp\/v2\/posts\/46530\/revisions"}],"wp:featuredmedia":[{"embeddable":true,"href":"https:\/\/www.europesays.com\/lv\/wp-json\/wp\/v2\/media\/46531"}],"wp:attachment":[{"href":"https:\/\/www.europesays.com\/lv\/wp-json\/wp\/v2\/media?parent=46530"}],"wp:term":[{"taxonomy":"category","embeddable":true,"href":"https:\/\/www.europesays.com\/lv\/wp-json\/wp\/v2\/categories?post=46530"},{"taxonomy":"post_tag","embeddable":true,"href":"https:\/\/www.europesays.com\/lv\/wp-json\/wp\/v2\/tags?post=46530"}],"curies":[{"name":"wp","href":"https:\/\/api.w.org\/{rel}","templated":true}]}}