{"id":46532,"date":"2025-11-11T21:45:08","date_gmt":"2025-11-11T21:45:08","guid":{"rendered":"https:\/\/www.europesays.com\/lv\/46532\/"},"modified":"2025-11-11T21:45:08","modified_gmt":"2025-11-11T21:45:08","slug":"turcijas-prokuratura-pieprasijusi-stambulas-meram-vairak-neka-2000-gadu-cietumsodu","status":"publish","type":"post","link":"https:\/\/www.europesays.com\/lv\/46532\/","title":{"rendered":"Turcijas prokurat\u016bra piepras\u012bjusi Stambulas m\u0113ram vair\u0101k nek\u0101 2000 gadu cietumsodu"},"content":{"rendered":"<p>Imamoglu, kas tika uzskat\u012bts par galveno iesp\u0113jamo Erdogana s\u0101ncensi 2028. gad\u0101 gaid\u0101maj\u0101s prezidenta v\u0113l\u0113\u0161an\u0101s, aps\u016bdz\u0113ts par noziedz\u012bgas organiz\u0101cijas dibin\u0101\u0161anu un vad\u012b\u0161anu, korupciju, naudas atmazg\u0101\u0161anu un citiem noziegumiem, pazi\u0146oja prokurat\u016bra. Imamoglu p\u0101rst\u0101v\u0113t\u0101s Republik\u0101nisk\u0101s tautas partijas (CHP) advok\u0101ts zi\u0146u a\u0123ent\u016brai DPA uzsv\u0113ra, ka \u0161\u012bs aps\u016bdz\u012bbas ir piln\u012bb\u0101 nepamatotas un vi\u0146i sagaida, ka Imamoglu ties\u0101 tiks attaisnots.<\/p>\n<p>Kriti\u0137i uzskata, ka tiesved\u012bba pret Imamoglu ir vald\u012bbas apzin\u0101ts m\u0113\u0123in\u0101jums likvid\u0113t sp\u0113c\u012bg\u0101ko opoz\u012bcijas partiju valst\u012b.<\/p>\n<p>Imamoglu aiztur\u0113\u0161ana mart\u0101 izprovoc\u0113ja liel\u0101kos protestus Turcij\u0101 p\u0113d\u0113jo desmit gadu laik\u0101.<\/p>\n","protected":false},"excerpt":{"rendered":"Imamoglu, kas tika uzskat\u012bts par galveno iesp\u0113jamo Erdogana s\u0101ncensi 2028. gad\u0101 gaid\u0101maj\u0101s prezidenta v\u0113l\u0113\u0161an\u0101s, aps\u016bdz\u0113ts par noziedz\u012bgas organiz\u0101cijas&hellip;\n","protected":false},"author":2,"featured_media":46533,"comment_status":"","ping_status":"","sticky":false,"template":"","format":"standard","meta":{"footnotes":""},"categories":[14],"tags":[23,57,65,28,29,1900,1901,32,33,1898,22,760,1899,90,1897,30,31,35,39,38,36,37,34,40,20,26,27,1896,67,1895,24,25,54,55,56,285,21,58],"class_list":{"0":"post-46532","1":"post","2":"type-post","3":"status-publish","4":"format-standard","5":"has-post-thumbnail","7":"category-zinas-no-arvalstim","8":"tag-aktualitates","9":"tag-arvalstim","10":"tag-auto","11":"tag-breaking-news","12":"tag-breakingnews","13":"tag-brivbridis","14":"tag-daba-un-dzivnieki","15":"tag-featured-news","16":"tag-featurednews","17":"tag-galerijas","18":"tag-headlines","19":"tag-horoskopi","20":"tag-itech","21":"tag-izklaide","22":"tag-kriminalzinas","23":"tag-latest-news","24":"tag-latestnews","25":"tag-latvia","26":"tag-latvian","27":"tag-latviesu","28":"tag-latviesu-valoda","29":"tag-latviesuvaloda","30":"tag-latvija","31":"tag-lv","32":"tag-news","33":"tag-popularakas-zinas","34":"tag-popularakaszinas","35":"tag-sieviete","36":"tag-sports","37":"tag-tava-balss","38":"tag-top-stories","39":"tag-topstories","40":"tag-world","41":"tag-world-news","42":"tag-worldnews","43":"tag-zala-dzive","44":"tag-zinas","45":"tag-zinas-no-arvalstim"},"share_on_mastodon":{"url":"","error":"Validation failed: Text character limit of 500 exceeded"},"_links":{"self":[{"href":"https:\/\/www.europesays.com\/lv\/wp-json\/wp\/v2\/posts\/46532","targetHints":{"allow":["GET"]}}],"collection":[{"href":"https:\/\/www.europesays.com\/lv\/wp-json\/wp\/v2\/posts"}],"about":[{"href":"https:\/\/www.europesays.com\/lv\/wp-json\/wp\/v2\/types\/post"}],"author":[{"embeddable":true,"href":"https:\/\/www.europesays.com\/lv\/wp-json\/wp\/v2\/users\/2"}],"replies":[{"embeddable":true,"href":"https:\/\/www.europesays.com\/lv\/wp-json\/wp\/v2\/comments?post=46532"}],"version-history":[{"count":0,"href":"https:\/\/www.europesays.com\/lv\/wp-json\/wp\/v2\/posts\/46532\/revisions"}],"wp:featuredmedia":[{"embeddable":true,"href":"https:\/\/www.europesays.com\/lv\/wp-json\/wp\/v2\/media\/46533"}],"wp:attachment":[{"href":"https:\/\/www.europesays.com\/lv\/wp-json\/wp\/v2\/media?parent=46532"}],"wp:term":[{"taxonomy":"category","embeddable":true,"href":"https:\/\/www.europesays.com\/lv\/wp-json\/wp\/v2\/categories?post=46532"},{"taxonomy":"post_tag","embeddable":true,"href":"https:\/\/www.europesays.com\/lv\/wp-json\/wp\/v2\/tags?post=46532"}],"curies":[{"name":"wp","href":"https:\/\/api.w.org\/{rel}","templated":true}]}}