{"id":46539,"date":"2025-11-11T22:01:25","date_gmt":"2025-11-11T22:01:25","guid":{"rendered":"https:\/\/www.europesays.com\/lv\/46539\/"},"modified":"2025-11-11T22:01:25","modified_gmt":"2025-11-11T22:01:25","slug":"priecigi-ridzinieki-vero-svinigo-godasardzes-mainas-ceremoniju","status":"publish","type":"post","link":"https:\/\/www.europesays.com\/lv\/46539\/","title":{"rendered":"Priec\u012bgi r\u012bdzinieki v\u0113ro svin\u012bgo godasardzes mai\u0146as ceremoniju"},"content":{"rendered":"<p>11. novembr\u012b R\u012bg\u0101, Br\u012bv\u012bbas laukum\u0101, atz\u012bm\u0113jot 33. gadadienu kop\u0161 godasardzes atjauno\u0161anas pie Br\u012bv\u012bbas pieminek\u013ca, notika svin\u012bg\u0101 godasardzes mai\u0146as ceremonija un valsts augst\u0101ko amatpersonu uzrunas, &#8220;Delfi&#8221; inform\u0113ja <a rel=\"noopener nofollow\" target=\"_blank\" href=\"https:\/\/www.delfi.lv\/temas\/41971460\/nacionalie-brunotie-speki\" tag-id=\"41971460\">Nacion\u0101lie bru\u0146otie sp\u0113ki<\/a> (NBS).<\/p>\n<p>Iedz\u012bvot\u0101ji un R\u012bgas viesi var\u0113ja v\u0113rot ar\u012b \u012bpa\u0161i sagatavotas defil\u0113 programmas, ko izpild\u012bja gan pieredz\u0113ju\u0161ie Nacion\u0101lo bru\u0146oto sp\u0113ku \u0160t\u0101ba bataljona Godasardzes rotas karav\u012bri, gan karav\u012bri, kuri \u0160t\u0101ba bataljon\u0101 \u0161\u012b gada janv\u0101r\u012b uzs\u0101ku\u0161i valsts aizsardz\u012bbas dienestu.<\/p>\n<p class=\"x_MsoNormal\">Par muzik\u0101lo noform\u0113jumu r\u016bp\u0113j\u0101s Nacion\u0101lo bru\u0146oto sp\u0113ku \u0160t\u0101ba or\u0137estris, savuk\u0101rt pas\u0101kuma nosl\u0113gum\u0101 apmekl\u0113t\u0101ji var\u0113ja baud\u012bt siltu t\u0113ju un kop\u012bgi godin\u0101t Latvijas br\u012bv\u012bbas c\u012bn\u012bt\u0101jus.<\/p>\n<p class=\"x_MsoNormal\">Valsts prezidents Edgars Rink\u0113vi\u010ds, uzrun\u0101jot kl\u0101teso\u0161os, nor\u0101d\u012bja, ka \u0161\u012b ir ne tikai diena, kad pieminam pag\u0101tni, bet ar\u012b diena, kad skat\u0101mies uz Latvijas dro\u0161\u012bbu un aizsardz\u012bbu ar p\u0101rliec\u012bbu, jo Latvijas bru\u0146oto sp\u0113ku karav\u012bri ir labi sagatavoti, motiv\u0113ti un patriotiski, un Latvijai ir sabiedrotie.<\/p>\n<p class=\"western\">Vi\u0146\u0161 cit\u0113ja valsts prezidentu Albertu Kviesi, kur\u0161 pirms 90 gadiem, iesv\u0113tot Br\u012bv\u012bbas pieminekli, teicis \u0161\u0101dus v\u0101rdus: &#8220;piemineklis run\u0101 uz mums no pag\u0101tnes caur tagadni uz n\u0101kotni.&#8221;<\/p>\n<p class=\"western\">Rink\u0113vi\u010ds uzsv\u0113ra, ka Br\u012bv\u012bbas piemineklis ir m\u016bsu tautas sp\u0113ka un spara simbols. &#8220;Tas ir m\u016bsu bru\u0146oto sp\u0113ku simbols. Tas ir m\u016bsu ap\u0146\u0113m\u012bbas simbols sarg\u0101t m\u016bsu valsti, m\u016bsu Latviju, no jebkura ienaidnieka, no jebkura iesp\u0113jama p\u0101ridar\u012bjuma. M\u0113s visi, \u0161eit kl\u0101tesot, ap\u0146emamies to dar\u012bt, bet es nov\u0113lu, lai \u0161\u012b ap\u0146\u0113m\u012bba b\u016btu ne tikai valsts sv\u0113tkos, ne tikai L\u0101\u010dpl\u0113\u0161a dien\u0101, bet ikdien\u0101. Lai m\u016bs visus vieno p\u0101rliec\u012bba par m\u016bsu valsti, par m\u016bsu Latviju. Lai m\u016bs visus vieno p\u0101rliec\u012bba par sp\u0113ju to aizsarg\u0101t,&#8221; nor\u0101d\u012bja Rink\u0113vi\u010ds.<\/p>\n<p class=\"western\">Savuk\u0101rt p\u0113c tam godasardzes mai\u0146as ceremonija notika pie R\u012bgas pils, atz\u012bm\u0113jot divdesmit tr\u012bs gadus kop\u0161 \u0161\u012bs godasardzes atjauno\u0161anas.<\/p>\n<p class=\"x_MsoNormal\">Jau zi\u0146ots, ka 11. novembr\u012b Latvij\u0101 svin L\u0101\u010dpl\u0113\u0161a dienu. <\/p>\n<p class=\"x_MsoNormal\">L\u0101\u010dpl\u0113\u0161a dienu Latvij\u0101 atz\u012bm\u0113 par godu neatkar\u012bg\u0101s Latvijas armijas uzvarai p\u0101r Rietumu br\u012bvpr\u0101t\u012bgo armiju jeb t\u0101 saukto Bermonta karasp\u0113ku 1919. gada 11. novembr\u012b.<\/p>\n<p>Latvijas armija iz\u0161\u0137iro\u0161o uzbrukumu bermontie\u0161iem s\u0101ka 9. novembr\u012b un, lai gan c\u012b\u0146as bija gr\u016btas, jau 11. novembr\u012b Bermonta karasp\u0113ks tika padz\u012bts no R\u012bgas. Bermonti\u0101des laik\u0101 Latvija zaud\u0113ja 743 karav\u012brus, no kuriem 57 bija virsnieki.<\/p>\n<p>Latvijas Br\u012bv\u012bbas c\u012b\u0146as \u2013 c\u012b\u0146as par Latvijas valsts neatkar\u012bbu \u2013 ilga no 1918. gada 18. novembra, kad tika proklam\u0113ta Latvijas Republika, l\u012bdz 1920. gada 11. augustam, kad tika nosl\u0113gts Latvijas \u2013 Krievijas miera l\u012bgums.<\/p>\n<p>Lasiet ar\u012b<\/p>\n<p><a href=\"https:\/\/www.delfi.lv\/kultura\/32026447\/culturenvironment\/120094563\/kas-riga-notiks-lacplesa-diena-koncertu-un-svinigo-pasakumu-izlase\" class=\"headline__image-link\" itemprop=\"url\" rel=\"nofollow noopener\" target=\"_blank\"><img decoding=\"async\" loading=\"lazy\" itemprop=\"image\" src=\"https:\/\/www.europesays.com\/lv\/wp-content\/uploads\/2025\/11\/8aad91d7-e096-41ac-802b-c4bd5fa81cb8.jpg\" alt=\"Kas R\u012bg\u0101 notiks L\u0101\u010dpl\u0113\u0161a dien\u0101. Koncertu un svin\u012bgo pas\u0101kumu izlase\" title=\"Kas R\u012bg\u0101 notiks L\u0101\u010dpl\u0113\u0161a dien\u0101. Koncertu un svin\u012bgo pas\u0101kumu izlase\" class=\"headline__image img-fluid w-100\"\/><\/a><\/p>\n<p class=\"m-0\">Seko &#8220;Delfi&#8221; ar\u012b  <a target=\"_blank\" href=\"https:\/\/www.instagram.com\/delfi.lv\/\" rel=\"nofollow noopener\">Instagram<\/a>  un <a target=\"_blank\" href=\"https:\/\/www.youtube.com\/channel\/UCw5foWtcJvAbUm64rv7jwUQ\" rel=\"nofollow noopener\">YouTube<\/a>  profil\u0101 \u2013 pievienojies, lai uzzin\u0101tu svar\u012bg\u0101ko un interesant\u0101ko pirmais!<\/p>\n<p>Publik\u0101cijas saturs vai t\u0101s jebk\u0101da apjoma da\u013ca ir aizsarg\u0101ts autorties\u012bbu objekts Autorties\u012bbu likuma izpratn\u0113, un t\u0101 izmanto\u0161ana bez izdev\u0113ja at\u013caujas ir aizliegta. Vair\u0101k lasi  <a target=\"_blank\" href=\"https:\/\/www.delfi.lv\/noteikumi#autortiesibas\" rel=\"nofollow noopener\">\u0161eit<\/a><script async src=\"\/\/www.instagram.com\/embed.js\"><\/script><\/p>\n","protected":false},"excerpt":{"rendered":"11. novembr\u012b R\u012bg\u0101, Br\u012bv\u012bbas laukum\u0101, atz\u012bm\u0113jot 33. gadadienu kop\u0161 godasardzes atjauno\u0161anas pie Br\u012bv\u012bbas pieminek\u013ca, notika svin\u012bg\u0101 godasardzes mai\u0146as&hellip;\n","protected":false},"author":2,"featured_media":46540,"comment_status":"","ping_status":"","sticky":false,"template":"","format":"standard","meta":{"footnotes":""},"categories":[5],"tags":[23,28,29,32,33,22,11267,30,31,35,39,38,36,37,34,40,3289,20,26,27,24,25,21],"class_list":{"0":"post-46539","1":"post","2":"type-post","3":"status-publish","4":"format-standard","5":"has-post-thumbnail","7":"category-aktualitates","8":"tag-aktualitates","9":"tag-breaking-news","10":"tag-breakingnews","11":"tag-featured-news","12":"tag-featurednews","13":"tag-headlines","14":"tag-lacplesa-diena","15":"tag-latest-news","16":"tag-latestnews","17":"tag-latvia","18":"tag-latvian","19":"tag-latviesu","20":"tag-latviesu-valoda","21":"tag-latviesuvaloda","22":"tag-latvija","23":"tag-lv","24":"tag-nacionalie-brunotie-speki","25":"tag-news","26":"tag-popularakas-zinas","27":"tag-popularakaszinas","28":"tag-top-stories","29":"tag-topstories","30":"tag-zinas"},"share_on_mastodon":{"url":"https:\/\/pubeurope.com\/@lv\/115533321640646442","error":""},"_links":{"self":[{"href":"https:\/\/www.europesays.com\/lv\/wp-json\/wp\/v2\/posts\/46539","targetHints":{"allow":["GET"]}}],"collection":[{"href":"https:\/\/www.europesays.com\/lv\/wp-json\/wp\/v2\/posts"}],"about":[{"href":"https:\/\/www.europesays.com\/lv\/wp-json\/wp\/v2\/types\/post"}],"author":[{"embeddable":true,"href":"https:\/\/www.europesays.com\/lv\/wp-json\/wp\/v2\/users\/2"}],"replies":[{"embeddable":true,"href":"https:\/\/www.europesays.com\/lv\/wp-json\/wp\/v2\/comments?post=46539"}],"version-history":[{"count":0,"href":"https:\/\/www.europesays.com\/lv\/wp-json\/wp\/v2\/posts\/46539\/revisions"}],"wp:featuredmedia":[{"embeddable":true,"href":"https:\/\/www.europesays.com\/lv\/wp-json\/wp\/v2\/media\/46540"}],"wp:attachment":[{"href":"https:\/\/www.europesays.com\/lv\/wp-json\/wp\/v2\/media?parent=46539"}],"wp:term":[{"taxonomy":"category","embeddable":true,"href":"https:\/\/www.europesays.com\/lv\/wp-json\/wp\/v2\/categories?post=46539"},{"taxonomy":"post_tag","embeddable":true,"href":"https:\/\/www.europesays.com\/lv\/wp-json\/wp\/v2\/tags?post=46539"}],"curies":[{"name":"wp","href":"https:\/\/api.w.org\/{rel}","templated":true}]}}