{"id":46547,"date":"2025-11-11T22:20:07","date_gmt":"2025-11-11T22:20:07","guid":{"rendered":"https:\/\/www.europesays.com\/lv\/46547\/"},"modified":"2025-11-11T22:20:07","modified_gmt":"2025-11-11T22:20:07","slug":"juta-kupre-ar-viru-kazu-gadadienu-sagaida-slimnica","status":"publish","type":"post","link":"https:\/\/www.europesays.com\/lv\/46547\/","title":{"rendered":"Juta Kupre ar v\u012bru k\u0101zu gadadienu sagaida slimn\u012bc\u0101"},"content":{"rendered":"<p>Jutas dz\u012bvesbiedram, latvie\u0161u izcelsmes amerik\u0101\u0146u uz\u0146\u0113m\u0113jam Jurim Kuprim \u0101rsti atkl\u0101ju\u0161i iedzimtas probl\u0113mas ar sirds v\u0101rstuli, t\u0101p\u0113c vi\u0146am veikta nopietna oper\u0101cija un slimn\u012bc\u0101 pavad\u012bjis teju divas ned\u0113\u013cas.<\/p>\n<p>&#8220;T\u0101s bija gr\u016bt\u0101k\u0101s dienas m\u016bsu kopdz\u012bv\u0113,&#8221; \u017eurn\u0101lam &#8220;Priv\u0101t\u0101 Dz\u012bve&#8221; atz\u012bst Juta. Vi\u0146a m\u012b\u013cotajam bijusi kl\u0101t dienu un nakti. T\u0101 nu san\u0101cis, ka ar\u012b k\u0101zu tre\u0161\u0101 gadadiena aizvad\u012bta pal\u0101t\u0101 un izmaks\u0101jusi d\u0101rg\u0101k nek\u0101 atp\u016bta k\u016brort\u0101.<\/p>\n<blockquote class=\"quote ck-widget\" contenteditable=\"false\">\n<p>&#8220;Pavad\u012bj\u0101m to d\u0101rg\u0101kaj\u0101 numuri\u0146\u0101, k\u0101d\u0101 jebkad esam biju\u0161i. Par oper\u0101ciju un pirmaj\u0101m slimn\u012bcas dien\u0101m r\u0113\u0137ins bija 340 000 dol\u0101ru. Gala r\u0113\u0137ins, visticam\u0101k, b\u016bs ap pusmiljonu.<\/p>\n<\/blockquote>\n<p>Labi, ka v\u012bram ir apdro\u0161in\u0101\u0161ana, kas sedz liel\u0101ko da\u013cu,&#8221; st\u0101sta Juta.<\/p>\n<p>Piln\u012bga Jura atlab\u0161ana gaid\u0101ma p\u0113c apm\u0113ram diviem m\u0113ne\u0161iem. &#8220;Kad v\u012brs atvese\u013cosies, es mekl\u0113\u0161u darbu. Ar laiku noteikti v\u0113los Amerik\u0101 izveidot savu skaistumkop\u0161anas salonu,&#8221; atkl\u0101j influencere.<\/p>\n<p>K\u0101 zin\u0101ms, Juta Kupre Amerik\u0101 dz\u012bvo jau tr\u012bs gadus.<\/p>\n<p>Vair\u0101k lasi \u017eurn\u0101la<a target=\"_blank\" rel=\"noopener noreferrer nofollow\" href=\"https:\/\/www.santa.lv\"> &#8220;Priv\u0101t\u0101 Dz\u012bve&#8221; <\/a>11. novembra numur\u0101!<\/p>\n","protected":false},"excerpt":{"rendered":"Jutas dz\u012bvesbiedram, latvie\u0161u izcelsmes amerik\u0101\u0146u uz\u0146\u0113m\u0113jam Jurim Kuprim \u0101rsti atkl\u0101ju\u0161i iedzimtas probl\u0113mas ar sirds v\u0101rstuli, t\u0101p\u0113c vi\u0146am veikta&hellip;\n","protected":false},"author":2,"featured_media":46548,"comment_status":"","ping_status":"","sticky":false,"template":"","format":"standard","meta":{"footnotes":""},"categories":[19],"tags":[89,90,12957,35,39,38,36,37,34,1429,40],"class_list":{"0":"post-46547","1":"post","2":"type-post","3":"status-publish","4":"format-standard","5":"has-post-thumbnail","7":"category-izklaide","8":"tag-entertainment","9":"tag-izklaide","10":"tag-juta-kupre","11":"tag-latvia","12":"tag-latvian","13":"tag-latviesu","14":"tag-latviesu-valoda","15":"tag-latviesuvaloda","16":"tag-latvija","17":"tag-latvijas-zurnali","18":"tag-lv"},"share_on_mastodon":{"url":"https:\/\/pubeurope.com\/@lv\/115533396401094740","error":""},"_links":{"self":[{"href":"https:\/\/www.europesays.com\/lv\/wp-json\/wp\/v2\/posts\/46547","targetHints":{"allow":["GET"]}}],"collection":[{"href":"https:\/\/www.europesays.com\/lv\/wp-json\/wp\/v2\/posts"}],"about":[{"href":"https:\/\/www.europesays.com\/lv\/wp-json\/wp\/v2\/types\/post"}],"author":[{"embeddable":true,"href":"https:\/\/www.europesays.com\/lv\/wp-json\/wp\/v2\/users\/2"}],"replies":[{"embeddable":true,"href":"https:\/\/www.europesays.com\/lv\/wp-json\/wp\/v2\/comments?post=46547"}],"version-history":[{"count":0,"href":"https:\/\/www.europesays.com\/lv\/wp-json\/wp\/v2\/posts\/46547\/revisions"}],"wp:featuredmedia":[{"embeddable":true,"href":"https:\/\/www.europesays.com\/lv\/wp-json\/wp\/v2\/media\/46548"}],"wp:attachment":[{"href":"https:\/\/www.europesays.com\/lv\/wp-json\/wp\/v2\/media?parent=46547"}],"wp:term":[{"taxonomy":"category","embeddable":true,"href":"https:\/\/www.europesays.com\/lv\/wp-json\/wp\/v2\/categories?post=46547"},{"taxonomy":"post_tag","embeddable":true,"href":"https:\/\/www.europesays.com\/lv\/wp-json\/wp\/v2\/tags?post=46547"}],"curies":[{"name":"wp","href":"https:\/\/api.w.org\/{rel}","templated":true}]}}