{"id":46555,"date":"2025-11-11T22:27:15","date_gmt":"2025-11-11T22:27:15","guid":{"rendered":"https:\/\/www.europesays.com\/lv\/46555\/"},"modified":"2025-11-11T22:27:15","modified_gmt":"2025-11-11T22:27:15","slug":"no-dalasas-mavericks-generalmenedzera-amata-atkapies-niko-herisons","status":"publish","type":"post","link":"https:\/\/www.europesays.com\/lv\/46555\/","title":{"rendered":"No Dalasas &#8220;Mavericks&#8221; \u0123ener\u0101lmened\u017eera amata atk\u0101pies Niko Herisons"},"content":{"rendered":"<p>Niko Herisons neturpin\u0101s darbu k\u0101 Nacion\u0101l\u0101s basketbola asoci\u0101cijas (NBA) komandas Dalasas &#8220;Mavericks&#8221; \u0123ener\u0101lmened\u017eeris, v\u0113sta ASV mediji.<\/p>\n<p>Herisons par &#8220;Mavericks&#8221; \u0123ener\u0101lmened\u017eeri k\u013cuva 2021. gada vasar\u0101, kad komandas sast\u0101v\u0101 v\u0113l bija latvietis Kristaps Porzi\u0146\u0123is. Vi\u0146a darb\u012bbas laik\u0101 &#8220;Mavericks&#8221; nenotur\u0113ja Luku Don\u010di\u010du, kur\u0161 mai\u0146as dar\u012bjum\u0101 non\u0101ca Losand\u017eelosas &#8220;Lakers&#8221; komand\u0101.<\/p>\n<p>Jauno sezonu dalasie\u0161i s\u0101ku\u0161i ar tr\u012bs uzvar\u0101m 11 sp\u0113l\u0113s, kas dod pirmsp\u0113d\u0113jo, 14. poz\u012bciju Rietumu konferenc\u0113.<\/p>\n<p>Pirms tam Herisons ilgsto\u0161i str\u0101d\u0101ja sporta ap\u0123\u0113rbu ra\u017eot\u0101j\u0101 &#8220;Nike&#8221; un bija \u0161\u012bs komp\u0101nijas Zieme\u013camerikas basketbola sporta m\u0101rketinga noda\u013cas viceprezidents. Str\u0101d\u0101jot &#8220;Nike&#8221;, Herisonam izveidoj\u0101s labas attiec\u012bbas ar vair\u0101k\u0101m l\u012bgas zvaigzn\u0113m.<\/p>\n<p><img decoding=\"async\" src=\"https:\/\/www.europesays.com\/lv\/wp-content\/uploads\/2025\/11\/0f25bf00d0163c45693f2f9e997d8497.jpg\" title=\"Niko Herisons. Foto: AP Photo\/LM Otero\" alt=\"Niko Herisons. Foto: AP Photo\/LM Otero\"\/><\/p>\n<p class=\"article-img-desc\">Niko Herisons. Foto: AP Photo\/LM Otero<\/p>\n","protected":false},"excerpt":{"rendered":"Niko Herisons neturpin\u0101s darbu k\u0101 Nacion\u0101l\u0101s basketbola asoci\u0101cijas (NBA) komandas Dalasas &#8220;Mavericks&#8221; \u0123ener\u0101lmened\u017eeris, v\u0113sta ASV mediji. Herisons par&hellip;\n","protected":false},"author":2,"featured_media":46556,"comment_status":"","ping_status":"","sticky":false,"template":"","format":"standard","meta":{"footnotes":""},"categories":[17],"tags":[129,957,3769,5458,35,39,38,36,37,34,40,958,3770,5459,67,959,3771,5460],"class_list":{"0":"post-46555","1":"post","2":"type-post","3":"status-publish","4":"format-standard","5":"has-post-thumbnail","7":"category-sports","8":"tag-__typenameadvicekeyword","9":"tag-id597","10":"tag-id813","11":"tag-id814","12":"tag-latvia","13":"tag-latvian","14":"tag-latviesu","15":"tag-latviesu-valoda","16":"tag-latviesuvaloda","17":"tag-latvija","18":"tag-lv","19":"tag-slugasv","20":"tag-slugbasketbols","21":"tag-slugnba","22":"tag-sports","23":"tag-titleasv","24":"tag-titlebasketbols","25":"tag-titlenba"},"share_on_mastodon":{"url":"https:\/\/pubeurope.com\/@lv\/115533423871259755","error":""},"_links":{"self":[{"href":"https:\/\/www.europesays.com\/lv\/wp-json\/wp\/v2\/posts\/46555","targetHints":{"allow":["GET"]}}],"collection":[{"href":"https:\/\/www.europesays.com\/lv\/wp-json\/wp\/v2\/posts"}],"about":[{"href":"https:\/\/www.europesays.com\/lv\/wp-json\/wp\/v2\/types\/post"}],"author":[{"embeddable":true,"href":"https:\/\/www.europesays.com\/lv\/wp-json\/wp\/v2\/users\/2"}],"replies":[{"embeddable":true,"href":"https:\/\/www.europesays.com\/lv\/wp-json\/wp\/v2\/comments?post=46555"}],"version-history":[{"count":0,"href":"https:\/\/www.europesays.com\/lv\/wp-json\/wp\/v2\/posts\/46555\/revisions"}],"wp:featuredmedia":[{"embeddable":true,"href":"https:\/\/www.europesays.com\/lv\/wp-json\/wp\/v2\/media\/46556"}],"wp:attachment":[{"href":"https:\/\/www.europesays.com\/lv\/wp-json\/wp\/v2\/media?parent=46555"}],"wp:term":[{"taxonomy":"category","embeddable":true,"href":"https:\/\/www.europesays.com\/lv\/wp-json\/wp\/v2\/categories?post=46555"},{"taxonomy":"post_tag","embeddable":true,"href":"https:\/\/www.europesays.com\/lv\/wp-json\/wp\/v2\/tags?post=46555"}],"curies":[{"name":"wp","href":"https:\/\/api.w.org\/{rel}","templated":true}]}}