{"id":46577,"date":"2025-11-12T00:22:12","date_gmt":"2025-11-12T00:22:12","guid":{"rendered":"https:\/\/www.europesays.com\/lv\/46577\/"},"modified":"2025-11-12T00:22:12","modified_gmt":"2025-11-12T00:22:12","slug":"efektivaka-iericu-parvaldiba-uznemumiem-un-valsts-pasvaldibu-iestadem-ar-apple-biznesa-parvaldnieku-dienas-bizness","status":"publish","type":"post","link":"https:\/\/www.europesays.com\/lv\/46577\/","title":{"rendered":"Efekt\u012bv\u0101ka ier\u012b\u010du p\u0101rvald\u012bba uz\u0146\u0113mumiem un valsts\/pa\u0161vald\u012bbu iest\u0101d\u0113m ar Apple Biznesa p\u0101rvaldnieku :: Dienas Bizness"},"content":{"rendered":"<p class=\"text-font font-size--text-xlarge margin-3--bottom font-weight--bold padding-1--top\">Darbam ritot att\u0101lin\u0101ti vai hibr\u012bdre\u017e\u012bm\u0101, efekt\u012bva ier\u012b\u010du p\u0101rvald\u012bba un tehniskais atbalsts k\u013c\u016bst par pamatnosac\u012bjumu uz\u0146\u0113muma darb\u012bbas dro\u0161\u012bbai un produktivit\u0101tei. K\u0101 ietaup\u012bt IT komandas laiku un vienlaikus nodro\u0161in\u0101t, lai visi darbinieki str\u0101d\u0101tu dro\u0161\u0101, sak\u0101rtot\u0101 un viegli p\u0101rvald\u0101m\u0101 digit\u0101l\u0101 vid\u0113? <\/p>\n<p class=\"text-font font-size--text-xlarge margin-3--bottom\">K\u0101 str\u0101d\u0101 Apple Biznesa p\u0101rvaldnieks?<\/p>\n<p class=\"text-font font-size--text-xlarge margin-3--bottom\"><a href=\"https:\/\/capital.lv\/apple#it\" title=\"\" target=\"_blank\" rel=\"nofollow noopener\">Apple Biznesa p\u0101rvaldnieks<\/a> (Apple Business Manager) ir tie\u0161saistes r\u012bks, kas \u013cauj uz\u0146\u0113mumiem \u0113rti un \u0101tri vienlaikus p\u0101rvald\u012bt visas tam piedero\u0161\u0101s Apple ier\u012bces. Jaunu ier\u012b\u010du pievieno\u0161ana biznesa p\u0101rvaldniekam notiek jau ieg\u0101d\u0101joties datoru. Ier\u012bces s\u0113rijas nummurs uzreiz tiek piesaist\u012bts konkr\u0113tajam uz\u0146\u0113mumam Apple port\u0101l\u0101, nodro\u0161inot ier\u012bces pieder\u012bbu organiz\u0101cijai jau br\u012bd\u012b, kad t\u0101 v\u0113l ir tikai ce\u013c\u0101.<\/p>\n<p class=\"text-font font-size--text-xlarge margin-3--bottom\">\u201cIT administrators var pie\u0161\u0137irt lietot\u0101ju un sagatavot darba vidi att\u0101lin\u0101ti. Kad ier\u012bce non\u0101k pie darbinieka, t\u0101 jau ir gatava darbam,\u201d st\u0101sta Art\u016brs Minajevs, uz\u0146\u0113muma Capital Apple produktu grupas vad\u012bt\u0101js.<\/p>\n<p><a href=\"https:\/\/www.europesays.com\/lv\/wp-content\/uploads\/2025\/11\/20251111-1256-a-minajevs.jpg\" target=\"_blank\"><img decoding=\"async\" class=\"margin-3--right\" src=\"https:\/\/www.europesays.com\/lv\/wp-content\/uploads\/2025\/11\/20251111-1256-a-minajevs.jpg\" style=\"max-width: 45%; max-height: 50%; float: left\"\/><\/a><\/p>\n<p class=\"text-font font-size--text-xlarge margin-3--bottom\">Apple funkcionalit\u0101te sniedz visda\u017e\u0101d\u0101k\u0101s dro\u0161\u012bbas iesp\u0113jas. Piem\u0113ram, att\u0101lin\u0101ti atblo\u0137\u0113t datoru, ko darbinieks nav atsl\u0113dzis no sava person\u012bg\u0101 Apple ID p\u0113c aizie\u0161anas no uz\u0146\u0113muma, vai iesl\u0113gt Kiosk mode un ier\u012bci konfigur\u0113t t\u0101, lai b\u016btu iesp\u0113jams lietot tikai konkr\u0113tas aplik\u0101cijas. ABM dod iesp\u0113ju ier\u012bces p\u0101rvald\u012bt at\u0161\u0137ir\u012bgi pa uz\u0146\u0113muma noda\u013c\u0101m &#8211; ar noteikt\u0101m piek\u013cuv\u0113m un ierobe\u017eojumiem, piem\u0113ram, soci\u0101lajiem t\u012bkliem vai cit\u0101m lietotn\u0113m.<\/p>\n<p class=\"text-font font-size--text-xlarge margin-3--bottom\">Ietaupa ap 100 IT darba stundas ik gadu<\/p>\n<p class=\"text-font font-size--text-xlarge margin-3--bottom\">Apple Biznesa p\u0101rvaldnieks vislab\u0101k darbojas tand\u0113m\u0101 ar k\u0101du no ier\u012b\u010du p\u0101rvald\u012bbas risin\u0101jumiem (MDM). Kombin\u0113jot ABM ar ier\u012b\u010du p\u0101rvald\u012bbas risin\u0101jumu, uz\u0146\u0113mumi var centraliz\u0113ti \u012bstenot savu virtu\u0101lo dro\u0161\u012bbas politiku, p\u0101rvald\u012bt lietotnes, to saturu un ier\u012b\u010du iestat\u012bjumus. Tas pal\u012bdz veidot dro\u0161u un p\u0101rskat\u0101mu digit\u0101lo ekosist\u0113mu, turkl\u0101t to iesp\u0113jams nodro\u0161in\u0101t vien par da\u017eiem desmitiem eiro m\u0113nes\u012b.<\/p>\n<p class=\"text-font font-size--text-xlarge margin-3--bottom\">Liel\u0101s organiz\u0101cij\u0101s, piem\u0113ram, finan\u0161u iest\u0101d\u0113s, IT uz\u0146\u0113mumos un izgl\u012bt\u012bbas iest\u0101d\u0113s, centraliz\u0113tie risin\u0101jumi jau \u0161obr\u012bd k\u013cuvu\u0161i par neat\u0146emamu pamatu dro\u0161ai organiz\u0101cijas digit\u0101l\u0101s pieredzes veido\u0161anai. Ra\u017eotn\u0113s iesp\u0113jams liegt piek\u013cuvi viedt\u0101lru\u0146a kamerai, vai noteikt regul\u0101ras paroles mai\u0146as noteikumus. Svar\u012bgi, ka IT administratoram nav iesp\u0113jama piek\u013cuve darbinieku priv\u0101tajiem datiem, t\u0101p\u0113c past\u0101v l\u012bdzsvars starp dro\u0161\u012bbu un priv\u0101tumu ar\u012b gad\u012bjumos, kad darbinieks vienu ier\u012bci izmanto gan darbam, gan priv\u0101t\u0101m vajadz\u012bb\u0101m.<\/p>\n<p class=\"text-font font-size--text-xlarge margin-3--bottom\">P\u0113rn veikts <a href=\"https:\/\/tei.forrester.com\/go\/Apple\/TEI\/\" title=\"\" target=\"_blank\" rel=\"nofollow noopener\">p\u0113t\u012bjums<\/a> liecina, ka organiz\u0101cij\u0101s, kas izmanto Apple ier\u012bces ar centraliz\u0113tu p\u0101rvald\u012bbas risin\u0101jumu, viens IT speci\u0101lists sa\u0146em par 60% maz\u0101k pal\u012bdz\u012bbas piepras\u012bjumu un sp\u0113j p\u0101rvald\u012bt divreiz vair\u0101k ier\u012b\u010du, ietaupot darba dev\u0113jiem l\u012bdz 100 darba stund\u0101m gad\u0101.<\/p>\n<p class=\"text-font font-size--text-xlarge margin-3--bottom\">\u201cL\u012bdz\u012bgi rezult\u0101ti Latvij\u0101 jau ir pier\u0101d\u012bti praks\u0113,\u201d nor\u0101da Capital p\u0101rst\u0101vis. \u201cFinan\u0161u sektora uz\u0146\u0113mums, integr\u0113jot Apple Business Manager un Microsoft Intune, palielin\u0101ja IT p\u0101rvald\u012bbas efektivit\u0101ti par 40%, b\u016btiski atslogojot savus IT speci\u0101listus un paaugstinot datu dro\u0161\u012bbas l\u012bmeni.\u201d<\/p>\n<p class=\"text-font font-size--text-xlarge margin-3--bottom\">Popul\u0101r\u0101kie ier\u012b\u010du p\u0101rvald\u012bbas risin\u0101jumi <\/p>\n<p><a href=\"https:\/\/www.europesays.com\/lv\/wp-content\/uploads\/2025\/11\/20251111-1128-abm-2.jpg\" target=\"_blank\"><img decoding=\"async\" class=\"margin-3--right\" src=\"https:\/\/www.europesays.com\/lv\/wp-content\/uploads\/2025\/11\/20251111-1128-abm-2.jpg\" style=\"max-width: 45%; max-height: 50%; float: left\"\/><\/a><\/p>\n<p class=\"text-font font-size--text-xlarge margin-3--bottom\">Latvij\u0101 iecien\u012bts ier\u012b\u010du p\u0101rvald\u012bbas risin\u0101jums ir <a href=\"https:\/\/mosyle.com\/\" title=\"\" target=\"_blank\" rel=\"nofollow noopener\">Mosyle<\/a>, jo tas ir bez maksas l\u012bdz 30 ier\u012bc\u0113m. P\u0101rsniedzot \u0161o ier\u012b\u010du skaitu, m\u0113ne\u0161a maksa ir aptuveni viens eiro par katru ier\u012bci. T\u0101 ir viegli lietojama platforma uz\u0146\u0113mumiem, kas str\u0101d\u0101 tikai ar Apple ier\u012bc\u0113m.<\/p>\n<p class=\"text-font font-size--text-xlarge margin-3--bottom\">Darba vid\u0113m, kur tiek izmantoti gan Apple, gan Windows datori, piem\u0113rots ir jau min\u0113tais <a href=\"https:\/\/learn.microsoft.com\/en-us\/intune\/\" title=\"\" target=\"_blank\" rel=\"nofollow noopener\">Intune<\/a>, kas integr\u0113jas ar Microsoft 365 un bie\u017ei vien jau ir iek\u013cauts eso\u0161aj\u0101s licenc\u0113s.<\/p>\n<p class=\"text-font font-size--text-xlarge margin-3--bottom\">Liel\u0101m organiz\u0101cij\u0101m, kas p\u0101rvalda simtiem vai pat t\u016bksto\u0161iem Apple ier\u012b\u010du, vislab\u0101k piem\u0113rots ir <a href=\"https:\/\/www.jamf.com\/?nav=1\" title=\"\" target=\"_blank\" rel=\"nofollow noopener\">Jamf<\/a> \u2013 risin\u0101jums ar augst\u0101ko dro\u0161\u012bbas l\u012bmeni un vispla\u0161\u0101kaj\u0101m konfigur\u0101cijas iesp\u0113j\u0101m.<\/p>\n<p class=\"text-font font-size--text-xlarge margin-3--bottom\">Capital speci\u0101lists nor\u0101da, ka uz\u0146\u0113mumam ar 10 l\u012bdz 20 Apple ier\u012bc\u0113m risin\u0101jums izmaks\u0101 ap 100 eiro m\u0113nes\u012b, tom\u0113r var ietaup\u012bt l\u012bdz desmit IT administratora darba stund\u0101m. \u201cJa uz\u0146\u0113mums r\u0113\u0137ina, cik maks\u0101 IT administratora laiks un sal\u012bdzina to ar ier\u012b\u010du p\u0101rvald\u012bbas risin\u0101juma m\u0113ne\u0161a maksu, ieguld\u012bjums atmaks\u0101jas jau pirmajos m\u0113ne\u0161os.\u201d<\/p>\n<p class=\"text-font font-size--text-xlarge margin-3--bottom\">Lai pal\u012bdz\u0113tu uz\u0146\u0113mumiem un iest\u0101d\u0113m pilnv\u0113rt\u012bgi izmantot Apple Biznesa p\u0101rvaldnieka (ABM) iesp\u0113jas, AS Capital r\u012bko \u201cCapital Academy\u201d apm\u0101c\u012bbas IT administratoriem, kur\u0101s soli pa solim tiek izskaidrots, k\u0101 efekt\u012bvi konfigur\u0113t, p\u0101rvald\u012bt un uztur\u0113t Apple ier\u012b\u010du ekosist\u0113mu organiz\u0101cij\u0101.<\/p>\n<p class=\"text-font font-size--text-xlarge margin-3--bottom\">Ja v\u0113laties sa\u0146emt individu\u0101lu konsult\u0101ciju vai pieteikties apm\u0101c\u012bb\u0101m un uzzin\u0101t, k\u0101 ABM var pal\u012bdz\u0113t j\u016bsu uz\u0146\u0113muma IT p\u0101rvald\u012bbas uzlabo\u0161an\u0101, rakstiet &#8211; <a href=\"http:\/\/www.db.lv\/cdn-cgi\/l\/email-protection#f8998888949db89b9988918c9994d6948e\" title=\"\" target=\"_blank\" rel=\"nofollow noopener\">[email\u00a0protected]<\/a>. Vair\u0101k par ABM varat uzzin\u0101t \u2013 capital.lv\/abm.<\/p>\n","protected":false},"excerpt":{"rendered":"Darbam ritot att\u0101lin\u0101ti vai hibr\u012bdre\u017e\u012bm\u0101, efekt\u012bva ier\u012b\u010du p\u0101rvald\u012bba un tehniskais atbalsts k\u013c\u016bst par pamatnosac\u012bjumu uz\u0146\u0113muma darb\u012bbas dro\u0161\u012bbai un&hellip;\n","protected":false},"author":2,"featured_media":46578,"comment_status":"","ping_status":"","sticky":false,"template":"","format":"standard","meta":{"footnotes":""},"categories":[16],"tags":[869,77,870,76,867,35,39,38,36,37,34,871,868,40,21],"class_list":{"0":"post-46577","1":"post","2":"type-post","3":"status-publish","4":"format-standard","5":"has-post-thumbnail","7":"category-bizness","8":"tag-biznesa-zinas","9":"tag-bizness","10":"tag-bizness-latvija","11":"tag-business","12":"tag-dienas-zinas","13":"tag-latvia","14":"tag-latvian","15":"tag-latviesu","16":"tag-latviesu-valoda","17":"tag-latviesuvaloda","18":"tag-latvija","19":"tag-latvijas-biznesa-zinas","20":"tag-latvijas-zinas","21":"tag-lv","22":"tag-zinas"},"share_on_mastodon":{"url":"https:\/\/pubeurope.com\/@lv\/115533876066418727","error":""},"_links":{"self":[{"href":"https:\/\/www.europesays.com\/lv\/wp-json\/wp\/v2\/posts\/46577","targetHints":{"allow":["GET"]}}],"collection":[{"href":"https:\/\/www.europesays.com\/lv\/wp-json\/wp\/v2\/posts"}],"about":[{"href":"https:\/\/www.europesays.com\/lv\/wp-json\/wp\/v2\/types\/post"}],"author":[{"embeddable":true,"href":"https:\/\/www.europesays.com\/lv\/wp-json\/wp\/v2\/users\/2"}],"replies":[{"embeddable":true,"href":"https:\/\/www.europesays.com\/lv\/wp-json\/wp\/v2\/comments?post=46577"}],"version-history":[{"count":0,"href":"https:\/\/www.europesays.com\/lv\/wp-json\/wp\/v2\/posts\/46577\/revisions"}],"wp:featuredmedia":[{"embeddable":true,"href":"https:\/\/www.europesays.com\/lv\/wp-json\/wp\/v2\/media\/46578"}],"wp:attachment":[{"href":"https:\/\/www.europesays.com\/lv\/wp-json\/wp\/v2\/media?parent=46577"}],"wp:term":[{"taxonomy":"category","embeddable":true,"href":"https:\/\/www.europesays.com\/lv\/wp-json\/wp\/v2\/categories?post=46577"},{"taxonomy":"post_tag","embeddable":true,"href":"https:\/\/www.europesays.com\/lv\/wp-json\/wp\/v2\/tags?post=46577"}],"curies":[{"name":"wp","href":"https:\/\/api.w.org\/{rel}","templated":true}]}}