{"id":46634,"date":"2025-11-12T04:32:09","date_gmt":"2025-11-12T04:32:09","guid":{"rendered":"https:\/\/www.europesays.com\/lv\/46634\/"},"modified":"2025-11-12T04:32:09","modified_gmt":"2025-11-12T04:32:09","slug":"divi-vaciesi-atklaj-sensacionalu-radniecibu","status":"publish","type":"post","link":"https:\/\/www.europesays.com\/lv\/46634\/","title":{"rendered":"Divi v\u0101cie\u0161i atkl\u0101j sensacion\u0101lu radniec\u012bbu"},"content":{"rendered":"<p>Divi v\u0101cie\u0161i, 58 gadus vecais skolot\u0101js Manfreds Huhthauzens un 48 gadus vecais \u0123eod\u0113zists Uve Lange, gadiem ilgi dz\u012bvoja vien\u0101 un taj\u0101 pa\u0161\u0101 ciem\u0101, tikai aptuveni kilometra att\u0101lum\u0101 viens no otra. Vi\u0146i viens otru zin\u0101ja, bet nekad neb\u016btu iedom\u0101ju\u0161ies, ka vi\u0146us vieno sen\u010da asinis no laikmeta, kad vi\u0146u zem\u0113 mitin\u0101j\u0101s bronzas laikmeta iedz\u012bvot\u0101ji.<\/p>\n<p>Tikai nesen, pateicoties DNS anal\u012bzei, k\u013cuva skaidrs, ka abi ir tie\u0161i un nep\u0101rprotami saist\u012bti ar cilv\u0113kiem, kas \u0161aj\u0101 re\u0123ion\u0101 dz\u012bvoju\u0161i pirms aptuveni 3000 gadiem.\u00a0<\/p>\n","protected":false},"excerpt":{"rendered":"Divi v\u0101cie\u0161i, 58 gadus vecais skolot\u0101js Manfreds Huhthauzens un 48 gadus vecais \u0123eod\u0113zists Uve Lange, gadiem ilgi dz\u012bvoja&hellip;\n","protected":false},"author":2,"featured_media":46635,"comment_status":"","ping_status":"","sticky":false,"template":"","format":"standard","meta":{"footnotes":""},"categories":[19],"tags":[12970,89,984,90,35,39,38,36,37,34,40,2238,299],"class_list":{"0":"post-46634","1":"post","2":"type-post","3":"status-publish","4":"format-standard","5":"has-post-thumbnail","7":"category-izklaide","8":"tag-dzimtas-koks","9":"tag-entertainment","10":"tag-gimene","11":"tag-izklaide","12":"tag-latvia","13":"tag-latvian","14":"tag-latviesu","15":"tag-latviesu-valoda","16":"tag-latviesuvaloda","17":"tag-latvija","18":"tag-lv","19":"tag-tvnet-arvalstis","20":"tag-vacija"},"share_on_mastodon":{"url":"https:\/\/pubeurope.com\/@lv\/115534859081480016","error":""},"_links":{"self":[{"href":"https:\/\/www.europesays.com\/lv\/wp-json\/wp\/v2\/posts\/46634","targetHints":{"allow":["GET"]}}],"collection":[{"href":"https:\/\/www.europesays.com\/lv\/wp-json\/wp\/v2\/posts"}],"about":[{"href":"https:\/\/www.europesays.com\/lv\/wp-json\/wp\/v2\/types\/post"}],"author":[{"embeddable":true,"href":"https:\/\/www.europesays.com\/lv\/wp-json\/wp\/v2\/users\/2"}],"replies":[{"embeddable":true,"href":"https:\/\/www.europesays.com\/lv\/wp-json\/wp\/v2\/comments?post=46634"}],"version-history":[{"count":0,"href":"https:\/\/www.europesays.com\/lv\/wp-json\/wp\/v2\/posts\/46634\/revisions"}],"wp:featuredmedia":[{"embeddable":true,"href":"https:\/\/www.europesays.com\/lv\/wp-json\/wp\/v2\/media\/46635"}],"wp:attachment":[{"href":"https:\/\/www.europesays.com\/lv\/wp-json\/wp\/v2\/media?parent=46634"}],"wp:term":[{"taxonomy":"category","embeddable":true,"href":"https:\/\/www.europesays.com\/lv\/wp-json\/wp\/v2\/categories?post=46634"},{"taxonomy":"post_tag","embeddable":true,"href":"https:\/\/www.europesays.com\/lv\/wp-json\/wp\/v2\/tags?post=46634"}],"curies":[{"name":"wp","href":"https:\/\/api.w.org\/{rel}","templated":true}]}}