{"id":46648,"date":"2025-11-12T05:02:08","date_gmt":"2025-11-12T05:02:08","guid":{"rendered":"https:\/\/www.europesays.com\/lv\/46648\/"},"modified":"2025-11-12T05:02:08","modified_gmt":"2025-11-12T05:02:08","slug":"81-gada-vecuma-muziba-devies-makslinieks-janis-anmanis-lente-lv","status":"publish","type":"post","link":"https:\/\/www.europesays.com\/lv\/46648\/","title":{"rendered":"81 gada vecum\u0101 m\u016b\u017e\u012bb\u0101 devies m\u0101kslinieks J\u0101nis Anmanis\u00a0\u2014\u00a0Lente.lv"},"content":{"rendered":"<p>M\u016b\u017e\u012bb\u0101 devies talant\u012bgais m\u0101kslinieks J\u0101nis Anmanis<\/p>\n<p>Latvijas m\u0101kslas pasaule s\u0113ro par talant\u012bg\u0101 gleznot\u0101ja un pedagoga J\u0101\u0146a Anma\u0146a p\u0101ragro aizie\u0161anu m\u016b\u017e\u012bb\u0101. Vi\u0146\u0161 aizsaul\u0113 devies 81 gada vecum\u0101, un \u0161o skumjo zi\u0146u apstiprin\u0101jusi m\u0101kslinieka dz\u012bvesbiedre.<\/p>\n<p>Ilgus gadus velt\u012bjis m\u0101kslai un jaunajai paaudzei<\/p>\n<p>J\u0101nis Anmanis sav\u0101 rado\u0161aj\u0101 m\u016b\u017e\u0101 ir atst\u0101jis dzi\u013cu un neizdz\u0113\u0161amu nospiedumu Latvijas vizu\u0101laj\u0101 kult\u016br\u0101. Vi\u0146a darbi, kas bie\u017ei vien atspogu\u013coja dabas mot\u012bvus, portretus un ainavas, iepriecin\u0101ju\u0161i skat\u012bt\u0101jus ar savu gaismu, kr\u0101su harmoniju un dzi\u013co emocion\u0101lo p\u0101rdz\u012bvojumu. Anmanis nebija tikai talant\u012bgs m\u0101kslinieks, bet ar\u012b kaisl\u012bgs pedagogs, kur\u0161 daudzus gadus dal\u012bjies sav\u0101s zin\u0101\u0161an\u0101s un pieredz\u0113 ar jaunajiem m\u0101ksliniekiem, iedvesmojot vi\u0146us un pal\u012bdzot atrast savu rado\u0161o ce\u013cu. Vi\u0146a devums izgl\u012bt\u012bbas jom\u0101 ir nenov\u0113rt\u0113jams, audzinot vair\u0101kas paaudzes Latvijas m\u0101ksliniekus.<\/p>\n<p>Bag\u0101t\u0101 rado\u0161\u0101 darb\u012bba un atzin\u012bba<\/p>\n<p>J\u0101nis Anmanis (dzimis 1944. gad\u0101) beidzis Latvijas M\u0101kslas akad\u0113mijas Glezniec\u012bbas noda\u013cu, kur stud\u0113jis pie izciliem pedagogiem. Jau studiju gados vi\u0146\u0161 izc\u0113lies ar savu individu\u0101lo stilu un tehnisko meistar\u012bbu. Kop\u0161 1970. gadiem Anmanis akt\u012bvi piedal\u012bjies m\u0101kslas izst\u0101d\u0113s Latvij\u0101 un \u0101rzem\u0113s, g\u016bstot pla\u0161u atzin\u012bbu gan no kriti\u0137iem, gan publikas. Vi\u0146a gleznas atrodas muzeju kr\u0101jumos un priv\u0101tkolekcij\u0101s da\u017e\u0101d\u0101s pasaules valst\u012bs. M\u0101kslinieks ir bijis vair\u0101ku rado\u0161o organiz\u0101ciju biedrs, akt\u012bvi piedal\u012bjies to darb\u012bb\u0101 un veicin\u0101jis Latvijas m\u0101kslas populariz\u0113\u0161anu. Vi\u0146a rado\u0161\u0101 m\u016b\u017ea laik\u0101 tika organiz\u0113tas vair\u0101k nek\u0101 20 person\u0101lizst\u0101des, kas apliecina vi\u0146a nep\u0101rtraukto mekl\u0113jumu un izaugsmes procesu. Viens no p\u0113d\u0113jiem noz\u012bm\u012bgajiem notikumiem m\u0101kslinieka dz\u012bv\u0113 bija person\u0101lizst\u0101de 2014. gad\u0101 galerij\u0101 \u201cM\u0101kslas platforma\u201d, kas pulc\u0113ja kuplu interesentu un kol\u0113\u0123u pulku.<\/p>\n<p>Atvadas un piemi\u0146a<\/p>\n<p>J\u0101\u0146a Anma\u0146a aizie\u0161ana ir liels zaud\u0113jums Latvijas kult\u016brai. Vi\u0146a rado\u0161\u0101 mantojuma saglab\u0101\u0161ana un populariz\u0113\u0161ana b\u016bs svar\u012bgs uzdevums turpm\u0101k. M\u0101kslinieka piemi\u0146ai tiks r\u012bkoti atceres pas\u0101kumi, un vi\u0146a darbi turpin\u0101s iedvesmot un iepriecin\u0101t skat\u012bt\u0101jus, saglab\u0101jot vi\u0146a unik\u0101lo redz\u0113jumu par pasauli. J\u0101\u0146a Anma\u0146a v\u0101rds vienm\u0113r paliks spo\u017es zvaigzn\u0101js Latvijas m\u0101kslas debes\u012bs, atg\u0101dinot par talantu, aizraut\u012bbu un dzi\u013cu m\u012blest\u012bbu pret savu dzimteni un t\u0101s kult\u016bru.<\/p>\n","protected":false},"excerpt":{"rendered":"M\u016b\u017e\u012bb\u0101 devies talant\u012bgais m\u0101kslinieks J\u0101nis Anmanis Latvijas m\u0101kslas pasaule s\u0113ro par talant\u012bg\u0101 gleznot\u0101ja un pedagoga J\u0101\u0146a Anma\u0146a p\u0101ragro&hellip;\n","protected":false},"author":2,"featured_media":46649,"comment_status":"","ping_status":"","sticky":false,"template":"","format":"standard","meta":{"footnotes":""},"categories":[19],"tags":[89,12972,90,12971,35,39,38,36,37,34,1432,40,10092,6803],"class_list":{"0":"post-46648","1":"post","2":"type-post","3":"status-publish","4":"format-standard","5":"has-post-thumbnail","7":"category-izklaide","8":"tag-entertainment","9":"tag-gleznotajs","10":"tag-izklaide","11":"tag-janis-anmanis","12":"tag-latvia","13":"tag-latvian","14":"tag-latviesu","15":"tag-latviesu-valoda","16":"tag-latviesuvaloda","17":"tag-latvija","18":"tag-latvijas-maksla","19":"tag-lv","20":"tag-makslinieks","21":"tag-muziba"},"share_on_mastodon":{"url":"https:\/\/pubeurope.com\/@lv\/115534976938647918","error":""},"_links":{"self":[{"href":"https:\/\/www.europesays.com\/lv\/wp-json\/wp\/v2\/posts\/46648","targetHints":{"allow":["GET"]}}],"collection":[{"href":"https:\/\/www.europesays.com\/lv\/wp-json\/wp\/v2\/posts"}],"about":[{"href":"https:\/\/www.europesays.com\/lv\/wp-json\/wp\/v2\/types\/post"}],"author":[{"embeddable":true,"href":"https:\/\/www.europesays.com\/lv\/wp-json\/wp\/v2\/users\/2"}],"replies":[{"embeddable":true,"href":"https:\/\/www.europesays.com\/lv\/wp-json\/wp\/v2\/comments?post=46648"}],"version-history":[{"count":0,"href":"https:\/\/www.europesays.com\/lv\/wp-json\/wp\/v2\/posts\/46648\/revisions"}],"wp:featuredmedia":[{"embeddable":true,"href":"https:\/\/www.europesays.com\/lv\/wp-json\/wp\/v2\/media\/46649"}],"wp:attachment":[{"href":"https:\/\/www.europesays.com\/lv\/wp-json\/wp\/v2\/media?parent=46648"}],"wp:term":[{"taxonomy":"category","embeddable":true,"href":"https:\/\/www.europesays.com\/lv\/wp-json\/wp\/v2\/categories?post=46648"},{"taxonomy":"post_tag","embeddable":true,"href":"https:\/\/www.europesays.com\/lv\/wp-json\/wp\/v2\/tags?post=46648"}],"curies":[{"name":"wp","href":"https:\/\/api.w.org\/{rel}","templated":true}]}}