{"id":46699,"date":"2025-11-12T06:13:10","date_gmt":"2025-11-12T06:13:10","guid":{"rendered":"https:\/\/www.europesays.com\/lv\/46699\/"},"modified":"2025-11-12T06:13:10","modified_gmt":"2025-11-12T06:13:10","slug":"rail-baltica-ir-nepieciesamiba-pasazieru-kravu-un-militaro-vajadzibu-nodrosinasanai-lente-lv","status":"publish","type":"post","link":"https:\/\/www.europesays.com\/lv\/46699\/","title":{"rendered":"&#8220;Rail Baltica&#8221; ir nepiecie\u0161am\u012bba pasa\u017eieru, kravu un milit\u0101ro vajadz\u012bbu nodro\u0161in\u0101\u0161anai\u00a0\u2014\u00a0Lente.lv"},"content":{"rendered":"<p>Rail Baltica: Neizb\u0113gam\u012bba un Strategisk\u0101 Noz\u012bme<\/p>\n<p>Vald\u012bba nesen veica noz\u012bm\u012bgus so\u013cus, lai sak\u0101rtotu &#8220;Rail Baltica&#8221; projekta institucion\u0101lo strukt\u016bru, skaidri defin\u0113jot atbild\u012bbas un finans\u0113juma avotus. \u0160is l\u0113mums uzsver projekta dubulto noz\u012bmi \u2013 tas ne tikai kalpos pasa\u017eieru un kravu p\u0101rvad\u0101jumu att\u012bst\u012bbai, bet ar\u012b stiprin\u0101s valsts dro\u0161\u012bbu, nodro\u0161inot milit\u0101ro vajadz\u012bbu atbalstu.<\/p>\n<p>\u0160vinkas Viedoklis: K\u0101p\u0113c &#8220;Rail Baltica&#8221; Ir Nepiecie\u0161ams<\/p>\n<p>\u0160is strat\u0113\u0123iski svar\u012bgais dzelzce\u013ca projekts tiek uzskat\u012bts par nepiecie\u0161am\u012bbu, ko bie\u017ei vien izce\u013c politi\u0137i un nozares eksperti. Tiek uzsv\u0113rts, ka &#8220;Rail Baltica&#8221; nav vienk\u0101r\u0161i dzelzce\u013ca l\u012bnija, bet gan b\u016btiska m\u016bsdienu infrastrukt\u016bras sast\u0101vda\u013ca, kas savienos Baltijas valstis ar Eiropas dzelzce\u013cu t\u012bklu. T\u0101 efektivit\u0101te un iesp\u0113jas tiks pilnv\u0113rt\u012bgi izmantotas, ja tiks nodro\u0161in\u0101ta skaidra atbild\u012bba un nep\u0101rtraukta virz\u012bba uz priek\u0161u.<\/p>\n<p>Projekta Pla\u0161\u0101k\u0101 Perspekt\u012bva: Ekonomika un Dro\u0161\u012bba<\/p>\n<p>Integr\u0101cija Eiropas transporta koridoros paver jaunas iesp\u0113jas ne tikai ekonomiskajai izaugsmei, veicinot tirdzniec\u012bbu un t\u016brismu, bet ar\u012b palielina re\u0123iona dro\u0161\u012bbu. Sp\u0113ja \u0101tri un efekt\u012bvi p\u0101rvietot milit\u0101ro tehniku un person\u0101lu ir k\u013cuvusi \u012bpa\u0161i svar\u012bga main\u012bgaj\u0101 \u0123eopolitiskaj\u0101 vid\u0113. \u0160is div\u0113j\u0101dais pielietojums \u2013 gan civil\u0101m, gan milit\u0101r\u0101m vajadz\u012bb\u0101m \u2013 padara &#8220;Rail Baltica&#8221; par patiesi strat\u0113\u0123isku invest\u012bciju.<\/p>\n<p>Izaicin\u0101jumi un N\u0101kamie So\u013ci<\/p>\n<p>Lai gan l\u0113mums par atbild\u012bbas sadal\u012bjumu ir pozit\u012bvs solis, projekta \u012bsteno\u0161ana joproj\u0101m sastopas ar da\u017e\u0101diem izaicin\u0101jumiem, s\u0101kot no b\u016bvniec\u012bbas procesiem l\u012bdz finans\u0113juma piesaistei un sabiedr\u012bbas inform\u0113\u0161anai. Nepiecie\u0161ama nep\u0101rtraukta sadarb\u012bba starp vis\u0101m iesaist\u012btaj\u0101m pus\u0113m \u2013 vald\u012bbu, pa\u0161vald\u012bb\u0101m, priv\u0101tajiem partneriem un iedz\u012bvot\u0101jiem \u2013 lai nodro\u0161in\u0101tu, ka &#8220;Rail Baltica&#8221; savu potenci\u0101lu sasniedz piln\u012bb\u0101.<\/p>\n<p>Inovat\u012bva Dom\u0101\u0161ana un N\u0101kotnes Redz\u0113jums<\/p>\n<p>&#8220;Rail Baltica&#8221; projekts ir vair\u0101k nek\u0101 tikai fiziskas infrastrukt\u016bras izb\u016bve. Tas ir par n\u0101kotnes redz\u0113jumu, par sp\u0113ju dom\u0101t pla\u0161\u0101k un integr\u0113t Baltijas re\u0123ionu Eiropas sird\u012b. T\u0101 ir iesp\u0113ja rad\u012bt modernu, efekt\u012bvu un dro\u0161u transporta sist\u0113mu, kas kalpos vair\u0101k\u0101m paaudz\u0113m. \u0160is projekts demonstr\u0113, k\u0101 strat\u0113\u0123iska pl\u0101no\u0161ana un drosm\u012bgi l\u0113mumi var veidot n\u0101kotni.<\/p>\n","protected":false},"excerpt":{"rendered":"Rail Baltica: Neizb\u0113gam\u012bba un Strategisk\u0101 Noz\u012bme Vald\u012bba nesen veica noz\u012bm\u012bgus so\u013cus, lai sak\u0101rtotu &#8220;Rail Baltica&#8221; projekta institucion\u0101lo strukt\u016bru,&hellip;\n","protected":false},"author":2,"featured_media":46700,"comment_status":"","ping_status":"","sticky":false,"template":"","format":"standard","meta":{"footnotes":""},"categories":[5],"tags":[23,28,29,334,12976,32,33,22,30,31,35,39,38,36,37,34,40,20,26,27,948,956,24,25,21],"class_list":{"0":"post-46699","1":"post","2":"type-post","3":"status-publish","4":"format-standard","5":"has-post-thumbnail","7":"category-aktualitates","8":"tag-aktualitates","9":"tag-breaking-news","10":"tag-breakingnews","11":"tag-drosiba","12":"tag-dzelzcela-infrastruktura","13":"tag-featured-news","14":"tag-featurednews","15":"tag-headlines","16":"tag-latest-news","17":"tag-latestnews","18":"tag-latvia","19":"tag-latvian","20":"tag-latviesu","21":"tag-latviesu-valoda","22":"tag-latviesuvaloda","23":"tag-latvija","24":"tag-lv","25":"tag-news","26":"tag-popularakas-zinas","27":"tag-popularakaszinas","28":"tag-rail-baltica","29":"tag-satiksmes-ministrija","30":"tag-top-stories","31":"tag-topstories","32":"tag-zinas"},"share_on_mastodon":{"url":"https:\/\/pubeurope.com\/@lv\/115535256150412748","error":""},"_links":{"self":[{"href":"https:\/\/www.europesays.com\/lv\/wp-json\/wp\/v2\/posts\/46699","targetHints":{"allow":["GET"]}}],"collection":[{"href":"https:\/\/www.europesays.com\/lv\/wp-json\/wp\/v2\/posts"}],"about":[{"href":"https:\/\/www.europesays.com\/lv\/wp-json\/wp\/v2\/types\/post"}],"author":[{"embeddable":true,"href":"https:\/\/www.europesays.com\/lv\/wp-json\/wp\/v2\/users\/2"}],"replies":[{"embeddable":true,"href":"https:\/\/www.europesays.com\/lv\/wp-json\/wp\/v2\/comments?post=46699"}],"version-history":[{"count":0,"href":"https:\/\/www.europesays.com\/lv\/wp-json\/wp\/v2\/posts\/46699\/revisions"}],"wp:featuredmedia":[{"embeddable":true,"href":"https:\/\/www.europesays.com\/lv\/wp-json\/wp\/v2\/media\/46700"}],"wp:attachment":[{"href":"https:\/\/www.europesays.com\/lv\/wp-json\/wp\/v2\/media?parent=46699"}],"wp:term":[{"taxonomy":"category","embeddable":true,"href":"https:\/\/www.europesays.com\/lv\/wp-json\/wp\/v2\/categories?post=46699"},{"taxonomy":"post_tag","embeddable":true,"href":"https:\/\/www.europesays.com\/lv\/wp-json\/wp\/v2\/tags?post=46699"}],"curies":[{"name":"wp","href":"https:\/\/api.w.org\/{rel}","templated":true}]}}