{"id":46763,"date":"2025-11-12T07:16:11","date_gmt":"2025-11-12T07:16:11","guid":{"rendered":"https:\/\/www.europesays.com\/lv\/46763\/"},"modified":"2025-11-12T07:16:11","modified_gmt":"2025-11-12T07:16:11","slug":"bbc-atvainojas-trampam-par-kludu-vadiba-atkapjas-skandala-lente-lv","status":"publish","type":"post","link":"https:\/\/www.europesays.com\/lv\/46763\/","title":{"rendered":"BBC atvainojas Trampam par k\u013c\u016bdu; vad\u012bba atk\u0101pjas skand\u0101l\u0101\u00a0\u2014\u00a0Lente.lv"},"content":{"rendered":"<p>BBC atvaino par Trampa runas redi\u0123\u0113\u0161anu, sabiedr\u012bba satraukta<\/p>\n<p>Lielbrit\u0101nijas sabiedrisk\u0101 raidorganiz\u0101cija BBC ir non\u0101kusi skand\u0101la epicentr\u0101 p\u0113c tam, kad atzinusi savu k\u013c\u016bdu ASV prezidenta Donalda Trampa runas redi\u0123\u0113\u0161an\u0101. \u0160is atzinums rad\u012bjis nopietnas sekas, izraisot augst\u0101k\u0101s vad\u012bbas atk\u0101p\u0161anos un pla\u0161u sabiedr\u012bbas rezonansi. Incidenta d\u0113\u013c savas amata vietas pametu\u0161i BBC \u0123ener\u0101ldirektors Tims Deivijs un zi\u0146u redakcijas vad\u012bt\u0101ja Debora T\u0113rnesa, atz\u012bstot nesp\u0113ju nodro\u0161in\u0101t objekt\u012bvu un prec\u012bzu inform\u0101cijas atspogu\u013cojumu. \u0160is notikums ir dzi\u013ci satraucis gan mediju profesion\u0101\u013cus, gan auditoriju, radot jaut\u0101jumus par preses br\u012bv\u012bbas un objektivit\u0101tes n\u0101kotni.<\/p>\n<p>K\u0101p\u0113c notika k\u013c\u016bda un k\u0101das ir sekas?<\/p>\n<p>Lai gan s\u0101kotn\u0113j\u0101 inform\u0101cija nor\u0101da uz k\u013c\u016bdu redi\u0123\u0113\u0161anas proces\u0101, patiesie iemesli un apjoms joproj\u0101m tiek r\u016bp\u012bgi izmekl\u0113ti. Nav nosl\u0113pums, ka politisk\u0101 retorika bie\u017ei vien ir sare\u017e\u0123\u012bta un pak\u013cauta interpret\u0101cij\u0101m, tom\u0113r mediju pien\u0101kums ir sniegt inform\u0101ciju bez aizspriedumiem. BBC vad\u012bbas atk\u0101p\u0161an\u0101s liecina par l\u016bguma pie\u0146em\u0161anu, ka k\u013c\u016bda bija nopietna un tai bija nepiecie\u0161amas radik\u0101las p\u0101rmai\u0146as. \u0160\u0101ds solis, lai gan s\u0101p\u012bgs, ir svar\u012bgs, lai atjaunotu uztic\u012bbu un par\u0101d\u012btu, ka raidorganiz\u0101cija sp\u0113j atbild\u0113t par sav\u0101m darb\u012bb\u0101m. Ir svar\u012bgi saprast, ka \u0161\u0101da veida incidents nav tikai tehniska k\u013c\u016bda, bet gan jaut\u0101jums par uztic\u012bbu un integrit\u0101ti, kas ir vit\u0101li svar\u012bga jebkurai uzticamai zi\u0146u organiz\u0101cijai. T\u0101 ir k\u0101 spogulis, kas atspogu\u013co ne tikai pa\u0161u raidorganiz\u0101ciju, bet ar\u012b pla\u0161\u0101kas probl\u0113mas mediju vid\u0113.<\/p>\n<p>Trampa reakcija un starptautisk\u0101 perspekt\u012bva<\/p>\n<p>ASV prezidents Donalds Tramps, kur\u0161 bie\u017ei vien kritiz\u0113jis mediju atspogu\u013cojumu, izteicis savu viedokli par \u0161o incidentu. Lai gan vi\u0146a tie\u0161\u0101 reakcija nav detaliz\u0113ti aprakst\u012bta, ir skaidrs, ka \u0161\u0101ds gad\u012bjums kalpo k\u0101 papildu arguments vi\u0146a kritikai pret da\u017eu mediju pieeju. \u0160is skand\u0101ls ir guvis ar\u012b starptautisku uzman\u012bbu, liekot cit\u0101m valst\u012bm un mediju organiz\u0101cij\u0101m p\u0101rdom\u0101t savas proced\u016bras un atbild\u012bbas l\u012bmeni. Tas ir k\u0101 trauksmes zvans, kas mudina piev\u0113rst liel\u0101ku uzman\u012bbu mediju \u0113tikai un objektivit\u0101tei glob\u0101l\u0101 m\u0113rog\u0101. \u0160is incidents ir ne tikai par BBC, bet ar\u012b par to, k\u0101 mediji vis\u0101 pasaul\u0113 nodro\u0161ina prec\u012bzu inform\u0101ciju un vai tie sp\u0113j st\u0101v\u0113t savu principu priek\u0161\u0101.<\/p>\n<p>N\u0101kotnes perspekt\u012bvas un uztic\u012bbas atjauno\u0161ana<\/p>\n<p>BBC sagaida jauna vad\u012bba un jauni izaicin\u0101jumi. Raidorganiz\u0101cijai b\u016bs j\u0101iegulda iev\u0113rojami p\u016bli\u0146i, lai atjaunotu sabiedr\u012bbas uztic\u012bbu un pier\u0101d\u012btu, ka t\u0101 ir sp\u0113j\u012bga sniegt objekt\u012bvas zi\u0146as. \u0160is process nevar notikt vienas dienas laik\u0101, un tas pras\u012bs caursp\u012bd\u012bgumu, atkl\u0101t\u012bbu un konsekventu ap\u0146em\u0161anos iev\u0113rot augst\u0101kos \u017eurn\u0101listikas standartus. Ir nepiecie\u0161ams ne tikai atvainoties, bet ar\u012b demonstr\u0113t re\u0101las p\u0101rmai\u0146as sist\u0113m\u0101. Tas var\u0113tu ietvert pastiprin\u0101tu redakcion\u0101lo politiku p\u0101rskat\u012b\u0161anu, apm\u0101c\u012bbas person\u0101lam un stingr\u0101ku iek\u0161\u0113jo uzraudz\u012bbu. T\u0101pat svar\u012bgi ir atkl\u0101ti komunic\u0113t ar auditoriju par veiktajiem pas\u0101kumiem. Tikai laiks un konsekventi centieni par\u0101d\u012bs, vai BBC sp\u0113s atg\u016bt zaud\u0113to uztic\u012bbu un saglab\u0101t savu vietu k\u0101 cien\u012bjama un uzticama zi\u0146u avots.<\/p>\n<p>Spekul\u0101cijas un anal\u012bzes mediju aprind\u0101s<\/p>\n<p>\u0160is notikums ir izrais\u012bjis pla\u0161as diskusijas un spekul\u0101cijas mediju aprind\u0101s. Daudzi anal\u012bti\u0137i uzsver, ka politiskais spiediens un straujais zi\u0146u pat\u0113ri\u0146a temps var veicin\u0101t k\u013c\u016bdas. Citi nor\u0101da uz nepiecie\u0161am\u012bbu p\u0113c stingr\u0101kas \u0113tikas un atbild\u012bbas sist\u0113mas, kas pasarg\u0101tu no l\u012bdz\u012bgiem incidentiem n\u0101kotn\u0113. \u0160is ir k\u0101 sare\u017e\u0123\u012bts medic\u012bnisks gad\u012bjums, kas prasa r\u016bp\u012bgu diagnostiku un \u0101rst\u0113\u0161anu, nevis tikai simptomu nov\u0113r\u0161anu. Ir svar\u012bgi saprast, ka neviens medijs nav im\u016bns pret k\u013c\u016bd\u0101m, bet veids, k\u0101 \u0161\u012bs k\u013c\u016bdas tiek risin\u0101tas, ir tas, kas defin\u0113 t\u0101 uzticam\u012bbu. \u0160is BBC gad\u012bjums var kalpot par m\u0101c\u012bbu ne tikai pa\u0161ai raidorganiz\u0101cijai, bet ar\u012b visai glob\u0101lajai mediju industrijai, mudinot uz dzi\u013c\u0101ku pa\u0161refleksiju un nepiecie\u0161am\u012bbu piel\u0101goties main\u012bgajai mediju videi.<\/p>\n","protected":false},"excerpt":{"rendered":"BBC atvaino par Trampa runas redi\u0123\u0113\u0161anu, sabiedr\u012bba satraukta Lielbrit\u0101nijas sabiedrisk\u0101 raidorganiz\u0101cija BBC ir non\u0101kusi skand\u0101la epicentr\u0101 p\u0113c tam,&hellip;\n","protected":false},"author":2,"featured_media":46764,"comment_status":"","ping_status":"","sticky":false,"template":"","format":"standard","meta":{"footnotes":""},"categories":[14],"tags":[23,57,12983,28,29,542,32,33,22,30,31,35,39,38,36,37,34,40,12984,20,26,27,24,25,12986,54,55,56,21,58,12985],"class_list":{"0":"post-46763","1":"post","2":"type-post","3":"status-publish","4":"format-standard","5":"has-post-thumbnail","7":"category-zinas-no-arvalstim","8":"tag-aktualitates","9":"tag-arvalstim","10":"tag-bbc-skandals","11":"tag-breaking-news","12":"tag-breakingnews","13":"tag-donalds-tramps","14":"tag-featured-news","15":"tag-featurednews","16":"tag-headlines","17":"tag-latest-news","18":"tag-latestnews","19":"tag-latvia","20":"tag-latvian","21":"tag-latviesu","22":"tag-latviesu-valoda","23":"tag-latviesuvaloda","24":"tag-latvija","25":"tag-lv","26":"tag-mediju-objektivitate","27":"tag-news","28":"tag-popularakas-zinas","29":"tag-popularakaszinas","30":"tag-top-stories","31":"tag-topstories","32":"tag-vadibas-atkapsanas","33":"tag-world","34":"tag-world-news","35":"tag-worldnews","36":"tag-zinas","37":"tag-zinas-no-arvalstim","38":"tag-zinu-redigesana"},"share_on_mastodon":{"url":"https:\/\/pubeurope.com\/@lv\/115535503879474917","error":""},"_links":{"self":[{"href":"https:\/\/www.europesays.com\/lv\/wp-json\/wp\/v2\/posts\/46763","targetHints":{"allow":["GET"]}}],"collection":[{"href":"https:\/\/www.europesays.com\/lv\/wp-json\/wp\/v2\/posts"}],"about":[{"href":"https:\/\/www.europesays.com\/lv\/wp-json\/wp\/v2\/types\/post"}],"author":[{"embeddable":true,"href":"https:\/\/www.europesays.com\/lv\/wp-json\/wp\/v2\/users\/2"}],"replies":[{"embeddable":true,"href":"https:\/\/www.europesays.com\/lv\/wp-json\/wp\/v2\/comments?post=46763"}],"version-history":[{"count":0,"href":"https:\/\/www.europesays.com\/lv\/wp-json\/wp\/v2\/posts\/46763\/revisions"}],"wp:featuredmedia":[{"embeddable":true,"href":"https:\/\/www.europesays.com\/lv\/wp-json\/wp\/v2\/media\/46764"}],"wp:attachment":[{"href":"https:\/\/www.europesays.com\/lv\/wp-json\/wp\/v2\/media?parent=46763"}],"wp:term":[{"taxonomy":"category","embeddable":true,"href":"https:\/\/www.europesays.com\/lv\/wp-json\/wp\/v2\/categories?post=46763"},{"taxonomy":"post_tag","embeddable":true,"href":"https:\/\/www.europesays.com\/lv\/wp-json\/wp\/v2\/tags?post=46763"}],"curies":[{"name":"wp","href":"https:\/\/api.w.org\/{rel}","templated":true}]}}