{"id":46769,"date":"2025-11-12T07:22:15","date_gmt":"2025-11-12T07:22:15","guid":{"rendered":"https:\/\/www.europesays.com\/lv\/46769\/"},"modified":"2025-11-12T07:22:15","modified_gmt":"2025-11-12T07:22:15","slug":"porzingi-aizmainija-zemakaja-punkta-atlaista-mavericks-generalmenedzera-skalakie-lemumi","status":"publish","type":"post","link":"https:\/\/www.europesays.com\/lv\/46769\/","title":{"rendered":"Porzi\u0146\u0123i aizmain\u012bja zem\u0101kaj\u0101 punkt\u0101 \u2013 atlaist\u0101 &#8220;Mavericks&#8221; \u0123ener\u0101lmened\u017eera ska\u013c\u0101kie l\u0113mumi"},"content":{"rendered":"<p>P\u0113c m\u0113ne\u0161iem ilgajiem l\u012bdzjut\u0113ju sauk\u013ciem &#8220;Fire Nico!&#8221; (&#8220;Atlaist Niko!&#8221;) Nacion\u0101l\u0101s basketbola asoci\u0101cijas (<a rel=\"noopener nofollow\" target=\"_blank\" href=\"https:\/\/www.delfi.lv\/temas\/35299954\/nba\" tag-id=\"35299954\">NBA<\/a>) klubs Dalasas &#8220;<a rel=\"noopener nofollow\" target=\"_blank\" href=\"https:\/\/www.delfi.lv\/temas\/35453447\/mavericks\" tag-id=\"35453447\">Mavericks<\/a>&#8221; pie\u0146\u0113ma l\u0113mumu no amata atbr\u012bvot \u0123ener\u0101lmened\u017eeri Niko Harisonu, kur\u0161 gada s\u0101kum\u0101 skandalozi aizmain\u012bja Luku Don\u010di\u010du uz Losand\u017eelosas &#8220;<a rel=\"noopener nofollow\" target=\"_blank\" href=\"https:\/\/www.delfi.lv\/temas\/35480915\/lakers\" tag-id=\"35480915\">Lakers<\/a>&#8220;. Tagad, atskatoties uz vi\u0146a laiku \u0161aj\u0101 darb\u0101, var secin\u0101t, ka tas nebija vien\u012bgais l\u0113mums, kas var rad\u012bt jaut\u0101jumus. Un viss s\u0101k\u0101s ar atbr\u012bvo\u0161anos no Kristapa Porzi\u0146\u0123a. <\/p>\n<p>Jau v\u0113st\u012bts, ka &#8220;Mavericks&#8221; \u012bpa\u0161nieks Patriks Dumons ofici\u0101li pazi\u0146oja par Harisona atlai\u0161anu, jo neviens &#8220;Mavericks&#8221; organiz\u0101cij\u0101 neesot apmierin\u0101ts ar sezonas s\u0101kumu.<\/p>\n<p>Niko Harisona v\u0101rds NBA v\u0113stur\u0113 paliks nevis ar v\u012bziju vai pan\u0101kumiem, bet ar vienu no visslikt\u0101kajiem dar\u012bjumiem l\u012bgas v\u0113stur\u0113. Tom\u0113r Don\u010di\u010da mai\u0146a bija tikai p\u0113d\u0113jais piliens \u2013 ce\u013cu uz sabrukumu iez\u012bm\u0113ja gadiem kr\u0101ti ap\u0161aub\u0101mi l\u0113mumi un p\u0101rv\u0113rt\u0113ta p\u0101rliec\u012bba par sav\u0101m sp\u0113j\u0101m, uzskata &#8220;CBS Sports&#8221; \u017eurn\u0101liste Jasm\u012bne Vimbi\u0161a.<\/p>\n<p>Kad Harisons 2021. gad\u0101 st\u0101j\u0101s amat\u0101, vi\u0146a pirmais lielais g\u0101jiens bija Kristapa Porzi\u0146\u0123a aizmain\u012b\u0161ana uz Va\u0161ingtonas &#8220;Wizards&#8221; pret Spenseru Dinvidiju, D\u0101vi Bert\u0101nu un n\u0101kotnes izv\u0113li otraj\u0101 k\u0101rt\u0101.<\/p>\n<p>Lai ar\u012b Porzi\u0146\u0123a vesel\u012bba toreiz bija liel\u0101kais jaut\u0101jums, kopum\u0101 \u0161\u012b mai\u0146a izskat\u012bj\u0101s haotiska. Porzi\u0146\u0123is tobr\u012bd bija savas karjeras zem\u0101kaj\u0101 punkt\u0101 un vi\u0146a v\u0113rt\u012bba nebija augsta. Dar\u012bjum\u0101 ieg\u016btais latvietis Bert\u0101ns \u0101tri non\u0101ca dzi\u013c\u0101 rezervistu lom\u0101, Dinvidijs komand\u0101 ilgi neieder\u0113j\u0101s, bet Porzi\u0146\u0123is divus gadus v\u0113l\u0101k k\u013cuva par NBA \u010dempionu ar Bostonas &#8220;Celtics&#8221;.<\/p>\n<p>&#8220;Mavericks&#8221; p\u0113c Porzi\u0146\u0123a aizmain\u012b\u0161anas sasniedza Rietumu konferences fin\u0101lu, un Harisons \u0161\u0137ita veiksm\u012bgs strat\u0113\u0123is. Bet tie\u0161i \u0161is pan\u0101kums vi\u0146am, \u0161\u0137iet, iedeva p\u0101rliec\u012bbu, ka vi\u0146\u0161 vienm\u0113r zina lab\u0101k, uzskata \u017eurn\u0101liste.<\/p>\n<p>Tiesa, v\u0113l\u0101k pats Porzi\u0146\u0123is atzina, ka laik\u0101 &#8220;Mavericks&#8221; komand\u0101 vi\u0146a briedums nebija t\u0101ds, kas pal\u012bdz\u0113tu komandai un attiec\u012bb\u0101m ar Don\u010di\u010du. &#8220;M\u016bsu abu komunik\u0101cijai un briedumam bija j\u0101b\u016bt lab\u0101kam,&#8221; 2023. gad\u0101 sarun\u0101 ar D\u017e.D\u017e. Rediku st\u0101st\u012bja Porzi\u0146\u0123is.<\/p>\n<p>D\u017eeilens Bransons \u2013 k\u013c\u016bda, kas joproj\u0101m s\u0101p<\/p>\n<p>P\u0113c 2022. gada Rietumu konferences fin\u0101la sasnieg\u0161anas Harisons nepied\u0101v\u0101ja l\u012bgumu D\u017eeilenam Bransonam, \u013caujot vi\u0146am bez kompens\u0101cijas pievienoties \u0145ujorkas &#8220;Knicks&#8221;.<\/p>\n<p>Bransons 2022. gada NBA izsl\u0113g\u0161anas sp\u0113l\u0113s vilka Dalasu cauri &#8220;play-off&#8221;, kam\u0113r Don\u010di\u010ds \u0101rst\u0113ja traumu. Vi\u0146\u0161 grib\u0113ja palikt un pat bija gatavs piek\u0101pties finansi\u0101li, pie\u0146emot maz\u0101ku algu, ta\u010du Harisons un toreiz\u0113jais \u012bpa\u0161nieks <a rel=\"noopener nofollow\" target=\"_blank\" href=\"https:\/\/www.delfi.lv\/temas\/52468607\/marks-kjubans\" tag-id=\"52468607\">Marks Kj\u016bbans<\/a> uzskat\u012bja, ka Bransons ir aizvietojams.<\/p>\n<p>Tagad Bransons ir \u0145ujorkas varonis, NBA Zvaig\u017e\u0146u sp\u0113les dal\u012bbnieks un kandid\u0101ts v\u0113rt\u012bg\u0101k\u0101 sp\u0113l\u0113t\u0101ja balvu, kam\u0113r &#8220;Mavericks&#8221; gadiem mekl\u0113 sasp\u0113les vad\u012bt\u0101ju, kur\u0161 var\u0113tu demonstr\u0113t t\u0101du sniegumu, k\u0101 Bransons 2022. gad\u0101. &#8220;T\u0101 bija klasiska p\u0101rliec\u012bbas un st\u016brgalv\u012bbas k\u013c\u016bda, kas v\u0113l ilgi tiks atg\u0101din\u0101ta Dalas\u0101,&#8221; rakst\u012bja Vimbi\u0161a.<\/p>\n<p><a rel=\"noopener nofollow\" target=\"_blank\" href=\"https:\/\/www.delfi.lv\/temas\/51547513\/luka-doncics\" tag-id=\"51547513\">Luka Don\u010di\u010ds<\/a> \u2013 NBA satricino\u0161a k\u013c\u016bda<\/p>\n<p>Tad sekoja dar\u012bjums, kas \u0161ok\u0113ja visu basketbola pasauli \u2013 2025 . gada 2. febru\u0101r\u012b &#8220;Mavericks&#8221; aizmain\u012bja Luku Don\u010di\u010du uz &#8220;Lakers&#8221; pret Entoniju Deivisu, Maksu Kristiju un t\u0101lo 2029. gada pirm\u0101s k\u0101rtas izv\u0113li.<\/p>\n<p>Don\u010di\u010ds tobr\u012bd bija piecas reizes iek\u013cauts NBA simboliskaj\u0101 izlas\u0113, iepriek\u0161\u0113j\u0101 vasar\u0101 sp\u0113l\u0113ja NBA fin\u0101l\u0101 un tikai 25 gadu vecum\u0101 bija NBA superzvaigzne. Harisons argument\u0113ja, ka komandai nepiecie\u0161ams vair\u0101k aizsardz\u012bbas un maz\u0101k &#8220;viena cilv\u0113ka basketbola&#8221;, ta\u010du realit\u0101t\u0113 vi\u0146\u0161 samain\u012bja superzvaigzni pret risku.<\/p>\n<p>Deiviss kop\u0161 mai\u0146as aizvad\u012bjis vien da\u017eas sp\u0113les, c\u012bnoties ar traum\u0101m, kam\u0113r Don\u010di\u010ds ved &#8220;Lakers&#8221; pret\u012b uzvar\u0101m un pretend\u0113 uz v\u0113rt\u012bg\u0101k\u0101 sp\u0113l\u0113t\u0101ja balvu. Dalas\u0101 \u0161\u012b mai\u0146a k\u013cuva par simbolu pa\u0161izn\u012bcino\u0161ai p\u0101rliec\u012bbai un k\u013c\u016bdainam ego, kas tagad maks\u0101ja Harisonam darbu.<\/p>\n<p>Kventins Graimss \u2013 p\u0113d\u0113jais neveiksm\u012bgais g\u0101jiens<\/p>\n<p>Tikai divas dienas p\u0113c Don\u010di\u010da aizmain\u012b\u0161anas Harisons nol\u0113ma \u0161\u0137irties ar\u012b no Kventina Graimsa, atsakoties no jauna, ener\u0123iska aizsarga ar potenci\u0101lu. Pret\u012b tika sa\u0146emts Keilebs M\u0101rtins, kur\u0161 kop\u0161 pievieno\u0161an\u0101s tr\u0101pa tikai 23,8% tr\u012bspunktnieku un lielu da\u013cu laika pavada \u0101rpus rot\u0101cijas.<\/p>\n<p>Savuk\u0101rt Graimss Filadelfijas &#8220;76ers&#8221; sast\u0101v\u0101 k\u013cuvis par vienu no l\u012bgas lab\u0101kajiem rezervistiem un tiek min\u0113ts k\u0101 kandid\u0101ts uz sezonas lab\u0101k\u0101 rezervista balvu. Tie\u0161i t\u0101ds sp\u0113l\u0113t\u0101js, k\u0101du &#8220;Mavericks&#8221; \u0161obr\u012bd izmis\u012bgi mekl\u0113.<\/p>\n<p class=\"m-0\">Seko &#8220;Delfi&#8221; ar\u012b  <a target=\"_blank\" href=\"https:\/\/www.instagram.com\/delfi.lv\/\" rel=\"nofollow noopener\">Instagram<\/a>  un <a target=\"_blank\" href=\"https:\/\/www.youtube.com\/channel\/UCw5foWtcJvAbUm64rv7jwUQ\" rel=\"nofollow noopener\">YouTube<\/a>  profil\u0101 \u2013 pievienojies, lai uzzin\u0101tu svar\u012bg\u0101ko un interesant\u0101ko pirmais!<\/p>\n<p>Publik\u0101cijas saturs vai t\u0101s jebk\u0101da apjoma da\u013ca ir aizsarg\u0101ts autorties\u012bbu objekts Autorties\u012bbu likuma izpratn\u0113, un t\u0101 izmanto\u0161ana bez izdev\u0113ja at\u013caujas ir aizliegta. Vair\u0101k lasi  <a target=\"_blank\" href=\"https:\/\/www.delfi.lv\/noteikumi#autortiesibas\" rel=\"nofollow noopener\">\u0161eit<\/a><script async src=\"\/\/www.instagram.com\/embed.js\"><\/script><\/p>\n","protected":false},"excerpt":{"rendered":"P\u0113c m\u0113ne\u0161iem ilgajiem l\u012bdzjut\u0113ju sauk\u013ciem &#8220;Fire Nico!&#8221; (&#8220;Atlaist Niko!&#8221;) Nacion\u0101l\u0101s basketbola asoci\u0101cijas (NBA) klubs Dalasas &#8220;Mavericks&#8221; pie\u0146\u0113ma l\u0113mumu&hellip;\n","protected":false},"author":2,"featured_media":46770,"comment_status":"","ping_status":"","sticky":false,"template":"","format":"standard","meta":{"footnotes":""},"categories":[17],"tags":[1260,5258,35,39,38,36,37,34,5787,40,12996,7117,1258,12995,67],"class_list":{"0":"post-46769","1":"post","2":"type-post","3":"status-publish","4":"format-standard","5":"has-post-thumbnail","7":"category-sports","8":"tag-kristaps-porzingis","9":"tag-lakers","10":"tag-latvia","11":"tag-latvian","12":"tag-latviesu","13":"tag-latviesu-valoda","14":"tag-latviesuvaloda","15":"tag-latvija","16":"tag-luka-doncics","17":"tag-lv","18":"tag-marks-kjubans","19":"tag-mavericks","20":"tag-nba","21":"tag-sakils-onils","22":"tag-sports"},"share_on_mastodon":{"url":"https:\/\/pubeurope.com\/@lv\/115535527445667514","error":""},"_links":{"self":[{"href":"https:\/\/www.europesays.com\/lv\/wp-json\/wp\/v2\/posts\/46769","targetHints":{"allow":["GET"]}}],"collection":[{"href":"https:\/\/www.europesays.com\/lv\/wp-json\/wp\/v2\/posts"}],"about":[{"href":"https:\/\/www.europesays.com\/lv\/wp-json\/wp\/v2\/types\/post"}],"author":[{"embeddable":true,"href":"https:\/\/www.europesays.com\/lv\/wp-json\/wp\/v2\/users\/2"}],"replies":[{"embeddable":true,"href":"https:\/\/www.europesays.com\/lv\/wp-json\/wp\/v2\/comments?post=46769"}],"version-history":[{"count":0,"href":"https:\/\/www.europesays.com\/lv\/wp-json\/wp\/v2\/posts\/46769\/revisions"}],"wp:featuredmedia":[{"embeddable":true,"href":"https:\/\/www.europesays.com\/lv\/wp-json\/wp\/v2\/media\/46770"}],"wp:attachment":[{"href":"https:\/\/www.europesays.com\/lv\/wp-json\/wp\/v2\/media?parent=46769"}],"wp:term":[{"taxonomy":"category","embeddable":true,"href":"https:\/\/www.europesays.com\/lv\/wp-json\/wp\/v2\/categories?post=46769"},{"taxonomy":"post_tag","embeddable":true,"href":"https:\/\/www.europesays.com\/lv\/wp-json\/wp\/v2\/tags?post=46769"}],"curies":[{"name":"wp","href":"https:\/\/api.w.org\/{rel}","templated":true}]}}