{"id":4678,"date":"2025-09-25T11:57:07","date_gmt":"2025-09-25T11:57:07","guid":{"rendered":"https:\/\/www.europesays.com\/lv\/4678\/"},"modified":"2025-09-25T11:57:07","modified_gmt":"2025-09-25T11:57:07","slug":"semenistaja-apspele-maltas-lideri-un-ieklust-lisabonas-1-4-finala-teniss-sportacentrs-com","status":"publish","type":"post","link":"https:\/\/www.europesays.com\/lv\/4678\/","title":{"rendered":"Seme\u0146istaja apsp\u0113l\u0113 Maltas l\u012bderi un iek\u013c\u016bst Lisabonas 1\/4 fin\u0101l\u0101 \u2013 Teniss \u2013 Sportacentrs.com"},"content":{"rendered":"<p>\u2022 \u0160odien k\u0101 favor\u012bte kot\u0113j\u0101s 23 gad\u012bg\u0101 Latvijas tenisiste, uz kuras pan\u0101kumu bukmeikeri pied\u0101v\u0101ja 1.28 koeficientu.<\/p>\n<p>\u2022 Otr\u0101 seta ievad\u0101 Latvijas tenisiste atsp\u0113l\u0113ja tr\u012bs breikbumbas, savuk\u0101rt p\u0113c\u0101k salauza Kurmi servi (3:1), kad maltiete iesita t\u012bkl\u0101. Dev\u012btaj\u0101 geim\u0101 Seme\u0146istaja nenotur\u0113ja servi (5:4) un zaud\u0113ja ar\u012b n\u0101kamaj\u0101s div\u0101s izsp\u0113l\u0113s, bet tad nopeln\u012bja \u010detrus punktus p\u0113c k\u0101rtas, kad pretiniece fini\u0161\u0113ja ar sitienu aut\u0101.<\/p>\n<p>\u2022 \u0160aj\u0101 ma\u010d\u0101 Seme\u0146istaja bija p\u0101r\u0101ka summ\u0101rajos punktos (61:46) un breikbumb\u0101s &#8211; 6\/12 pret 2\/6. Eisu un dubultk\u013c\u016bdu attiec\u012bba: 2-0 pret 0-3.<\/p>\n<p>\u2022 1\/4 fin\u0101l\u0101 pret\u012b st\u0101sies, dom\u0101jams, sp\u0101niete Gjomara Maristani (#182).<\/p>\n<p>\u2022 Lisabonas 1\/4 fin\u0101la dal\u012bbniece ieg\u016bst 2378 ASV dol\u0101ru naudas balvu un 21 punktu.<\/p>\n<p>\u2022  \u0160aj\u0101 turn\u012br\u0101 \u010dempione nopeln\u012bs 100 punktus. M\u016bsu tenisistei tiks dz\u0113sti 34 vai 49 punkti (jo n\u0101kamaj\u0101 pirmdien\u0101 rangs netiks public\u0113ts). Lai sasniegtu pasaules ranga simtnieku, Seme\u0146istajai j\u0101izc\u012bna Lisabonas tituls.<\/p>\n<p>\u2022 C\u012bnoties par ranga simtnieku, p\u0113d\u0113j\u0101s trij\u0101s  ned\u0113\u013c\u0101s Seme\u0146istajai ir neparasts mar\u0161ruts: Sp\u0101nijas zieme\u013ci &#8211; It\u0101lijas vidiene &#8211; Portug\u0101le.<\/p>\n<p>Izmantotie resursi:<br \/><a href=\"https:\/\/www.itftennis.com\/tournament\/W-ITF-POR-2025-015\" target=\"_blank\" rel=\"nofollow noopener\">itftennis.com<\/a><\/p>\n","protected":false},"excerpt":{"rendered":"\u2022 \u0160odien k\u0101 favor\u012bte kot\u0113j\u0101s 23 gad\u012bg\u0101 Latvijas tenisiste, uz kuras pan\u0101kumu bukmeikeri pied\u0101v\u0101ja 1.28 koeficientu. \u2022 Otr\u0101&hellip;\n","protected":false},"author":2,"featured_media":4679,"comment_status":"","ping_status":"","sticky":false,"template":"","format":"standard","meta":{"footnotes":""},"categories":[17],"tags":[35,39,38,36,37,34,40,67,683],"class_list":{"0":"post-4678","1":"post","2":"type-post","3":"status-publish","4":"format-standard","5":"has-post-thumbnail","7":"category-sports","8":"tag-latvia","9":"tag-latvian","10":"tag-latviesu","11":"tag-latviesu-valoda","12":"tag-latviesuvaloda","13":"tag-latvija","14":"tag-lv","15":"tag-sports","16":"tag-teniss"},"share_on_mastodon":{"url":"","error":""},"_links":{"self":[{"href":"https:\/\/www.europesays.com\/lv\/wp-json\/wp\/v2\/posts\/4678","targetHints":{"allow":["GET"]}}],"collection":[{"href":"https:\/\/www.europesays.com\/lv\/wp-json\/wp\/v2\/posts"}],"about":[{"href":"https:\/\/www.europesays.com\/lv\/wp-json\/wp\/v2\/types\/post"}],"author":[{"embeddable":true,"href":"https:\/\/www.europesays.com\/lv\/wp-json\/wp\/v2\/users\/2"}],"replies":[{"embeddable":true,"href":"https:\/\/www.europesays.com\/lv\/wp-json\/wp\/v2\/comments?post=4678"}],"version-history":[{"count":0,"href":"https:\/\/www.europesays.com\/lv\/wp-json\/wp\/v2\/posts\/4678\/revisions"}],"wp:featuredmedia":[{"embeddable":true,"href":"https:\/\/www.europesays.com\/lv\/wp-json\/wp\/v2\/media\/4679"}],"wp:attachment":[{"href":"https:\/\/www.europesays.com\/lv\/wp-json\/wp\/v2\/media?parent=4678"}],"wp:term":[{"taxonomy":"category","embeddable":true,"href":"https:\/\/www.europesays.com\/lv\/wp-json\/wp\/v2\/categories?post=4678"},{"taxonomy":"post_tag","embeddable":true,"href":"https:\/\/www.europesays.com\/lv\/wp-json\/wp\/v2\/tags?post=4678"}],"curies":[{"name":"wp","href":"https:\/\/api.w.org\/{rel}","templated":true}]}}