{"id":46825,"date":"2025-11-12T08:26:11","date_gmt":"2025-11-12T08:26:11","guid":{"rendered":"https:\/\/www.europesays.com\/lv\/46825\/"},"modified":"2025-11-12T08:26:11","modified_gmt":"2025-11-12T08:26:11","slug":"operetes-jaungada-koncerti-amore-musica-aicina-klausitajus-sigulda-jurmala-riga-un-cesis","status":"publish","type":"post","link":"https:\/\/www.europesays.com\/lv\/46825\/","title":{"rendered":"Operetes Jaungada koncerti &#8220;Amore &#038; Musica&#8221; aicina klaus\u012bt\u0101jus Siguld\u0101, J\u016brmal\u0101, R\u012bg\u0101 un C\u0113s\u012bs"},"content":{"rendered":"<p>Programmas p\u0101rsteigums ir tenors no \u0136\u012bnas \u010cens Sju (Chen Xu), 1. Starptautisk\u0101 Marinas Zirdzi\u0146as vok\u0101listu konkursa pirm\u0101s vietas ieguv\u0113js.<\/p>\n<p><img decoding=\"async\" class=\"figure__image\" onclick=\"triggerEvent('articleImageClick', { id: 17272873, focus: 'single-image', focusIndex: '17272873' })\" onkeydown=\"if (event.key === 'Enter') {&#10;        triggerEvent('articleImageClick', { id: 17272873, focus: 'single-image', focusIndex: '17272873' })&#10;        }\" role=\"button\" tabindex=\"0\" data-focus-from=\"single-image\" data-focus-index=\"17272873\" src=\"https:\/\/f7.pmo.ee\/fnQ8VfTOjcFqCaVXIfAZABKd5CU=\/768x0\/filters:format(webp)\/nginx\/o\/2025\/11\/12\/17272873t1he9b1.jpg\" onload=\"this.parentElement.classList.remove('figure__image-loading')\" alt=\"Tenors \u010cens Sju (\u0136\u012bna).\"\/>Tenors \u010cens Sju (\u0136\u012bna). Foto: Publicit\u0101tes foto<\/p>\n<p>Diri\u0123ents \u2013 Atvars Lakst\u012bgala. Programmu vad\u012bs Operetes te\u0101tra rado\u0161\u0101 direktore Agija Ozoli\u0146a-Kozlovska.<\/p>\n<p>Koncert\u0101 piedal\u012bsies Operetes te\u0101tra solisti Sonora Vaice (sopr\u0101ns), <a href=\"https:\/\/sejas.tvnet.lv\/term\/771410\/anta-jankovska\" class=\"topicLink\" target=\"_blank\" rel=\"nofollow noopener\">Anta Jankovska<\/a> (sopr\u0101ns\/It\u0101lija), Jolanta Strikaite (sopr\u0101ns), Patr\u012bcija Kozlovska (sopr\u0101ns), Em\u012bls Kivlenieks (tenors) un <a href=\"https:\/\/sejas.tvnet.lv\/term\/771409\/nauris-indzeris\" class=\"topicLink\" target=\"_blank\" rel=\"nofollow noopener\">Nauris Indzeris<\/a> (baritons).<\/p>\n<p><img decoding=\"async\" class=\"figure__image\" onclick=\"triggerEvent('articleImageClick', { id: 17272874, focus: 'single-image', focusIndex: '17272874' })\" onkeydown=\"if (event.key === 'Enter') {&#10;        triggerEvent('articleImageClick', { id: 17272874, focus: 'single-image', focusIndex: '17272874' })&#10;        }\" role=\"button\" tabindex=\"0\" data-focus-from=\"single-image\" data-focus-index=\"17272874\" src=\"https:\/\/www.europesays.com\/lv\/wp-content\/uploads\/2025\/11\/17272874t1h0e8f.jpg\" onload=\"this.parentElement.classList.remove('figure__image-loading')\" alt=\"Operetes atmosf\u0113ru uzbur Em\u012bls Kivlenieks un Anta Jankovska.\"\/>Operetes atmosf\u0113ru uzbur Em\u012bls Kivlenieks un Anta Jankovska. Foto: Publiit\u0101tes foto<\/p>\n<p>Koncert\u0101 20. decembr\u012b dzied\u0101s ar\u012b sopr\u0101ns Anastasija Dolgo\u0146enko, kura Marinas Zirdzi\u0146as vok\u0101listu konkurs\u0101 ieguva otro vietu. Horeogr\u0101fijas partit\u016bru veidos Ieva Kemlere, kura dejos ar\u012b pati. Operetes te\u0101tra simfoniskais or\u0137estris muzic\u0113s Atvara Lakst\u012bgalas vad\u012bb\u0101.<\/p>\n<p><img decoding=\"async\" class=\"figure__image\" onclick=\"triggerEvent('articleImageClick', { id: 17272875, focus: 'single-image', focusIndex: '17272875' })\" onkeydown=\"if (event.key === 'Enter') {&#10;        triggerEvent('articleImageClick', { id: 17272875, focus: 'single-image', focusIndex: '17272875' })&#10;        }\" role=\"button\" tabindex=\"0\" data-focus-from=\"single-image\" data-focus-index=\"17272875\" src=\"https:\/\/www.europesays.com\/lv\/wp-content\/uploads\/2025\/11\/17272875t1hf974.jpg\" onload=\"this.parentElement.classList.remove('figure__image-loading')\" alt=\"Diri\u0123ents Atvars Lakst\u012bgala.\"\/>Diri\u0123ents Atvars Lakst\u012bgala. Foto: Publicit\u0101tes foto<\/p>\n<p>Dzirksto\u0161o sv\u0113tku programmu vad\u012bs Operetes te\u0101tra m\u0101ksliniecisk\u0101 direktore Agija Ozoli\u0146a-Kozlovska.<\/p>\n<p>Koncerti pirms Ziemassv\u0113tkiem:<\/p>\n<p>20. decembr\u012b plkst. 18.00 Siguldas kult\u016bras centr\u0101 &#8220;Siguldas devons&#8221;,<\/p>\n<p>26. decembr\u012b plkst. 18.00 J\u016brmal\u0101 Dzintaru koncertz\u0101les Mazaj\u0101 z\u0101l\u0113,<\/p>\n<p>29. decembr\u012b plkst. 19.00 Latvijas Nacion\u0101l\u0101s bibliot\u0113kas Ziedo\u0146a z\u0101l\u0113.<\/p>\n<p>P\u0113c Jaun\u0101 gada:<\/p>\n<p>2026. gada 11. janv\u0101r\u012b plkst. 17.00 Vidzemes koncertz\u0101l\u0113 \u201cC\u0113sis\u201d.<\/p>\n<p>Programm\u0101 skan\u0113s operetes meistaru Imres Kalm\u0101na, Franca Leh\u0101ra skaist\u0101k\u0101s opere\u0161u \u0101rijas. Klaus\u012bt\u0101ji var\u0113s iepaz\u012bties ar braz\u012blie\u0161u komponista Zekinja de Obrei (Zequinha de Abreu) popul\u0101r\u0101kaj\u0101m melodij\u0101m. Gal\u0101 koncerta noska\u0146u uzburs re\u017eisore Egija Sil\u0101re, horeogr\u0101fe Ieva Kemlere, multimediju m\u0101ksliniece un scenogr\u0101fe Ineta Sipunova.<\/p>\n<p>Bi\u013cetes iepriek\u0161p\u0101rdo\u0161an\u0101 <a target=\"_blank\" rel=\"noopener noreferrer nofollow\" href=\"https:\/\/www.bilesuparadize.lv\/lv\/search?keywords=Operetes%20Jaungada%20koncerts%20%7C%20AMORE%20%26%20MUSICA\">\u201cBi\u013ce\u0161u parad\u012bzes\u201d kas\u0113s<\/a>.<\/p>\n","protected":false},"excerpt":{"rendered":"Programmas p\u0101rsteigums ir tenors no \u0136\u012bnas \u010cens Sju (Chen Xu), 1. Starptautisk\u0101 Marinas Zirdzi\u0146as vok\u0101listu konkursa pirm\u0101s vietas&hellip;\n","protected":false},"author":2,"featured_media":46826,"comment_status":"","ping_status":"","sticky":false,"template":"","format":"standard","meta":{"footnotes":""},"categories":[19],"tags":[5284,89,90,35,39,38,36,37,34,40,5283,10255,12261,7290],"class_list":{"0":"post-46825","1":"post","2":"type-post","3":"status-publish","4":"format-standard","5":"has-post-thumbnail","7":"category-izklaide","8":"tag-anta-jankovska","9":"tag-entertainment","10":"tag-izklaide","11":"tag-latvia","12":"tag-latvian","13":"tag-latviesu","14":"tag-latviesu-valoda","15":"tag-latviesuvaloda","16":"tag-latvija","17":"tag-lv","18":"tag-nauris-indzeris","19":"tag-operetes-teatris","20":"tag-siguldas-devons","21":"tag-vidzemes-koncertzale-cesis"},"share_on_mastodon":{"url":"https:\/\/pubeurope.com\/@lv\/115535779326952598","error":""},"_links":{"self":[{"href":"https:\/\/www.europesays.com\/lv\/wp-json\/wp\/v2\/posts\/46825","targetHints":{"allow":["GET"]}}],"collection":[{"href":"https:\/\/www.europesays.com\/lv\/wp-json\/wp\/v2\/posts"}],"about":[{"href":"https:\/\/www.europesays.com\/lv\/wp-json\/wp\/v2\/types\/post"}],"author":[{"embeddable":true,"href":"https:\/\/www.europesays.com\/lv\/wp-json\/wp\/v2\/users\/2"}],"replies":[{"embeddable":true,"href":"https:\/\/www.europesays.com\/lv\/wp-json\/wp\/v2\/comments?post=46825"}],"version-history":[{"count":0,"href":"https:\/\/www.europesays.com\/lv\/wp-json\/wp\/v2\/posts\/46825\/revisions"}],"wp:featuredmedia":[{"embeddable":true,"href":"https:\/\/www.europesays.com\/lv\/wp-json\/wp\/v2\/media\/46826"}],"wp:attachment":[{"href":"https:\/\/www.europesays.com\/lv\/wp-json\/wp\/v2\/media?parent=46825"}],"wp:term":[{"taxonomy":"category","embeddable":true,"href":"https:\/\/www.europesays.com\/lv\/wp-json\/wp\/v2\/categories?post=46825"},{"taxonomy":"post_tag","embeddable":true,"href":"https:\/\/www.europesays.com\/lv\/wp-json\/wp\/v2\/tags?post=46825"}],"curies":[{"name":"wp","href":"https:\/\/api.w.org\/{rel}","templated":true}]}}