{"id":46842,"date":"2025-11-12T08:38:09","date_gmt":"2025-11-12T08:38:09","guid":{"rendered":"https:\/\/www.europesays.com\/lv\/46842\/"},"modified":"2025-11-12T08:38:09","modified_gmt":"2025-11-12T08:38:09","slug":"lusis-komente-%e2%9f%a9-gunaram-kutrim-laiks-doties-virspensija","status":"publish","type":"post","link":"https:\/\/www.europesays.com\/lv\/46842\/","title":{"rendered":"L\u016aSIS KOMENT\u0112 \u27e9 Gun\u0101ram K\u016btrim laiks doties virspensij\u0101!"},"content":{"rendered":"<p>Par izdienas pensij\u0101m \u0161obr\u012bd vairs t\u0101l\u0101k neizteik\u0161os, tom\u0113r man ir k\u0101ds ierosin\u0101jums. V\u0101rdu sakot \u2013 ierosinu noteikt profesijas, kur\u0101s p\u0113c noteikta laika nostr\u0101d\u0101\u0161anas cilv\u0113ks vairs nesp\u0113j izsekot l\u012bdzi m\u016bsdienu pasaules straujaj\u0101m p\u0101rmai\u0146\u0101m, t\u0101p\u0113c vi\u0146a veikt\u0101s darb\u012bbas s\u0101k k\u013c\u016bt b\u012bstamas apk\u0101rt\u0113jiem un pat valsts iedz\u012bvot\u0101jiem k\u0101 kopumam.<\/p>\n<p>K\u0101 risin\u0101jumu \u0161\u0101d\u0101s situ\u0101cij\u0101s pied\u0101v\u0101ju piespiedu pensiju neatkar\u012bgi no t\u0101, vai pensijas vecuma slieksnim jau p\u0101rk\u0101pts vai ar\u012b tas joproj\u0101m nav sasniegts. Jo ir cilv\u0113ki, kuri nesaprot, ka sen jau bija laiks. Pirm\u0101 profesija, kurai \u0161o vajadz\u0113tu piem\u0113rot, ir Saeimas un pa\u0161vald\u012bbu deput\u0101ti, bet pirmais kandid\u0101ts, kuru ar skubu s\u016bt\u012bt pensij\u0101, \u2013 Gun\u0101rs K\u016btris. L\u016bdzu, nav par ko.<\/p>\n","protected":false},"excerpt":{"rendered":"Par izdienas pensij\u0101m \u0161obr\u012bd vairs t\u0101l\u0101k neizteik\u0161os, tom\u0113r man ir k\u0101ds ierosin\u0101jums. V\u0101rdu sakot \u2013 ierosinu noteikt profesijas,&hellip;\n","protected":false},"author":2,"featured_media":46843,"comment_status":"","ping_status":"","sticky":false,"template":"","format":"standard","meta":{"footnotes":""},"categories":[12],"tags":[23,28,29,32,33,6277,22,12586,30,31,35,39,38,36,37,34,239,40,20,1840,26,27,141,238,24,25,240,21,666],"class_list":{"0":"post-46842","1":"post","2":"type-post","3":"status-publish","4":"format-standard","5":"has-post-thumbnail","7":"category-latvija","8":"tag-aktualitates","9":"tag-breaking-news","10":"tag-breakingnews","11":"tag-featured-news","12":"tag-featurednews","13":"tag-gunars-kutris","14":"tag-headlines","15":"tag-izdienas-pensijas","16":"tag-latest-news","17":"tag-latestnews","18":"tag-latvia","19":"tag-latvian","20":"tag-latviesu","21":"tag-latviesu-valoda","22":"tag-latviesuvaloda","23":"tag-latvija","24":"tag-lusis-komente","25":"tag-lv","26":"tag-news","27":"tag-pensija","28":"tag-popularakas-zinas","29":"tag-popularakaszinas","30":"tag-saeima","31":"tag-toms-lusis","32":"tag-top-stories","33":"tag-topstories","34":"tag-tvnet-viedokli","35":"tag-zinas","36":"tag-zzs"},"share_on_mastodon":{"url":"https:\/\/pubeurope.com\/@lv\/115535826320928991","error":""},"_links":{"self":[{"href":"https:\/\/www.europesays.com\/lv\/wp-json\/wp\/v2\/posts\/46842","targetHints":{"allow":["GET"]}}],"collection":[{"href":"https:\/\/www.europesays.com\/lv\/wp-json\/wp\/v2\/posts"}],"about":[{"href":"https:\/\/www.europesays.com\/lv\/wp-json\/wp\/v2\/types\/post"}],"author":[{"embeddable":true,"href":"https:\/\/www.europesays.com\/lv\/wp-json\/wp\/v2\/users\/2"}],"replies":[{"embeddable":true,"href":"https:\/\/www.europesays.com\/lv\/wp-json\/wp\/v2\/comments?post=46842"}],"version-history":[{"count":0,"href":"https:\/\/www.europesays.com\/lv\/wp-json\/wp\/v2\/posts\/46842\/revisions"}],"wp:featuredmedia":[{"embeddable":true,"href":"https:\/\/www.europesays.com\/lv\/wp-json\/wp\/v2\/media\/46843"}],"wp:attachment":[{"href":"https:\/\/www.europesays.com\/lv\/wp-json\/wp\/v2\/media?parent=46842"}],"wp:term":[{"taxonomy":"category","embeddable":true,"href":"https:\/\/www.europesays.com\/lv\/wp-json\/wp\/v2\/categories?post=46842"},{"taxonomy":"post_tag","embeddable":true,"href":"https:\/\/www.europesays.com\/lv\/wp-json\/wp\/v2\/tags?post=46842"}],"curies":[{"name":"wp","href":"https:\/\/api.w.org\/{rel}","templated":true}]}}