{"id":46857,"date":"2025-11-12T08:53:07","date_gmt":"2025-11-12T08:53:07","guid":{"rendered":"https:\/\/www.europesays.com\/lv\/46857\/"},"modified":"2025-11-12T08:53:07","modified_gmt":"2025-11-12T08:53:07","slug":"ainars-virga-par-krizi-lauliba-vismaz-reizi-nedela-satiekamies","status":"publish","type":"post","link":"https:\/\/www.europesays.com\/lv\/46857\/","title":{"rendered":"Ainars Virga par kr\u012bzi laul\u012bb\u0101: &#8220;Vismaz reizi ned\u0113\u013c\u0101 satiekamies&#8221;"},"content":{"rendered":"<p>Pag\u0101ju\u0161\u0101 gada pavasar\u012b izskan\u0113ja runas, ka Ainara un Anijas gandr\u012bz desmit gadus ilg\u0101 laul\u012bba tuvojas \u0161\u0137ir\u0161an\u0101s punktam. Tagad m\u016bzi\u0137is bilst, ka juridiski ar Anniju nav \u0161\u0137\u012bries, ta\u010du neesot ar\u012b \u012bstas harmonijas.<\/p>\n<p>&#8220;Ar Aniju uzturu draudz\u012bgas attiec\u012bbas, vismaz reizi ned\u0113\u013c\u0101 satiekamies. Bet v\u0113l nav pien\u0101cis \u012bstais br\u012bdis, lai m\u0113s t\u0101 k\u0101rt\u012bgi izrun\u0101tos. Gan jau k\u0101dreiz tas notiks.<\/p>\n<blockquote class=\"quote ck-widget\" contenteditable=\"false\">\n<p>Ac\u012bmredzot kr\u012bze ir j\u0101p\u0101rdz\u012bvo,&#8221; saka Ainars.<\/p>\n<\/blockquote>\n<p>Jau v\u0113st\u012bts, ka Ain\u0101rs ar Aiju apprec\u0113j\u0101s 2015. gad\u0101, bet kr\u012bze abu attiec\u012bb\u0101s iest\u0101j\u0101s pag\u0101ju\u0161aj\u0101 gad\u0101.<\/p>\n<p>Vair\u0101k lasi \u017eurn\u0101la <a target=\"_blank\" rel=\"noopener noreferrer nofollow\" href=\"https:\/\/www.santa.lv\">&#8220;Priv\u0101t\u0101 Dz\u012bve&#8221;<\/a> 11. novembra numur\u0101!<\/p>\n","protected":false},"excerpt":{"rendered":"Pag\u0101ju\u0161\u0101 gada pavasar\u012b izskan\u0113ja runas, ka Ainara un Anijas gandr\u012bz desmit gadus ilg\u0101 laul\u012bba tuvojas \u0161\u0137ir\u0161an\u0101s punktam. Tagad&hellip;\n","protected":false},"author":2,"featured_media":46858,"comment_status":"","ping_status":"","sticky":false,"template":"","format":"standard","meta":{"footnotes":""},"categories":[19],"tags":[12928,89,90,35,39,38,36,37,34,1429,40],"class_list":{"0":"post-46857","1":"post","2":"type-post","3":"status-publish","4":"format-standard","5":"has-post-thumbnail","7":"category-izklaide","8":"tag-ainars-virga","9":"tag-entertainment","10":"tag-izklaide","11":"tag-latvia","12":"tag-latvian","13":"tag-latviesu","14":"tag-latviesu-valoda","15":"tag-latviesuvaloda","16":"tag-latvija","17":"tag-latvijas-zurnali","18":"tag-lv"},"share_on_mastodon":{"url":"https:\/\/pubeurope.com\/@lv\/115535885533282176","error":""},"_links":{"self":[{"href":"https:\/\/www.europesays.com\/lv\/wp-json\/wp\/v2\/posts\/46857","targetHints":{"allow":["GET"]}}],"collection":[{"href":"https:\/\/www.europesays.com\/lv\/wp-json\/wp\/v2\/posts"}],"about":[{"href":"https:\/\/www.europesays.com\/lv\/wp-json\/wp\/v2\/types\/post"}],"author":[{"embeddable":true,"href":"https:\/\/www.europesays.com\/lv\/wp-json\/wp\/v2\/users\/2"}],"replies":[{"embeddable":true,"href":"https:\/\/www.europesays.com\/lv\/wp-json\/wp\/v2\/comments?post=46857"}],"version-history":[{"count":0,"href":"https:\/\/www.europesays.com\/lv\/wp-json\/wp\/v2\/posts\/46857\/revisions"}],"wp:featuredmedia":[{"embeddable":true,"href":"https:\/\/www.europesays.com\/lv\/wp-json\/wp\/v2\/media\/46858"}],"wp:attachment":[{"href":"https:\/\/www.europesays.com\/lv\/wp-json\/wp\/v2\/media?parent=46857"}],"wp:term":[{"taxonomy":"category","embeddable":true,"href":"https:\/\/www.europesays.com\/lv\/wp-json\/wp\/v2\/categories?post=46857"},{"taxonomy":"post_tag","embeddable":true,"href":"https:\/\/www.europesays.com\/lv\/wp-json\/wp\/v2\/tags?post=46857"}],"curies":[{"name":"wp","href":"https:\/\/api.w.org\/{rel}","templated":true}]}}