{"id":46881,"date":"2025-11-12T09:08:35","date_gmt":"2025-11-12T09:08:35","guid":{"rendered":"https:\/\/www.europesays.com\/lv\/46881\/"},"modified":"2025-11-12T09:08:35","modified_gmt":"2025-11-12T09:08:35","slug":"suns-komanda-uz-vismaz-menesi-zaude-grinu","status":"publish","type":"post","link":"https:\/\/www.europesays.com\/lv\/46881\/","title":{"rendered":"&#8220;Suns&#8221; komanda uz vismaz m\u0113nesi zaud\u0113 Gr\u012bnu"},"content":{"rendered":"<p>K\u0101 zi\u0146o &#8220;Suns&#8221;, 23 gadus vecais Gr\u012bns diagnostic\u0113ts lab\u0101s k\u0101jas paceles c\u012bpslas sastiepums un vi\u0146a vesel\u012bbas st\u0101voklis atk\u0101rtoti tiks v\u0113rt\u0113ts p\u0113c \u010detr\u0101m l\u012bdz se\u0161\u0101m ned\u0113\u013c\u0101m.<\/p>\n<p>Gr\u012bns ar l\u012bdz\u012bgu traumu moc\u012bjies jau p\u0113d\u0113jo pusotru m\u0113nesi un aizvad\u012bt\u0101s sestdienas ma\u010d\u0101 pret Losand\u017eelosas &#8220;Clippers&#8221; t\u0101 saasin\u0101j\u0101s, kas lika pamest sp\u0113li p\u0113c nepiln\u0101m septi\u0146\u0101m nosp\u0113l\u0113t\u0101m min\u016bt\u0113m.<\/p>\n<p>\u0160aj\u0101 sezon\u0101 Gr\u012bns laukum\u0101 devies tikai div\u0101s sp\u0113l\u0113s, jo s\u0101kotn\u0113ji savainojumu guva pirmssezonas treni\u0146nometn\u0113.<\/p>\n<p>&#8220;Suns&#8221; Gr\u012bnu ieguva v\u0113rien\u0101 dar\u012bjuma ar Kevinu Durantu ietvaros no Hj\u016bstonas &#8220;Rockets&#8221; \u0161aj\u0101 starpsezon\u0101.<\/p>\n<p>Iepriek\u0161\u0113j\u0101s \u010detras sezonas Gr\u012bns &#8220;Rockets&#8221; rind\u0101s aizvad\u012bja 307 sp\u0113les un vid\u0113ji ma\u010d\u0101 guva 20,1 punktu, izc\u012bn\u012bja 4,3 bumbas zem groziem un atdeva 3,4 rezultat\u012bvas piesp\u0113les.<\/p>\n<p>\u0160aj\u0101 sezon\u0101 sav\u0101 pirmaj\u0101 ma\u010d\u0101 pirms nepilnas ned\u0113\u013cas Gr\u012bns atz\u012bm\u0113j\u0101s ar 29 punktiem 23 min\u016bt\u0113s, bet divas dienas v\u0113l\u0101k pret to pa\u0161u &#8220;Clippers&#8221; guva traumu.<\/p>\n","protected":false},"excerpt":{"rendered":"K\u0101 zi\u0146o &#8220;Suns&#8221;, 23 gadus vecais Gr\u012bns diagnostic\u0113ts lab\u0101s k\u0101jas paceles c\u012bpslas sastiepums un vi\u0146a vesel\u012bbas st\u0101voklis atk\u0101rtoti&hellip;\n","protected":false},"author":2,"featured_media":46882,"comment_status":"","ping_status":"","sticky":false,"template":"","format":"standard","meta":{"footnotes":""},"categories":[17],"tags":[1619,35,39,38,36,37,34,40,1258,67],"class_list":{"0":"post-46881","1":"post","2":"type-post","3":"status-publish","4":"format-standard","5":"has-post-thumbnail","7":"category-sports","8":"tag-finiksas-suns","9":"tag-latvia","10":"tag-latvian","11":"tag-latviesu","12":"tag-latviesu-valoda","13":"tag-latviesuvaloda","14":"tag-latvija","15":"tag-lv","16":"tag-nba","17":"tag-sports"},"share_on_mastodon":{"url":"https:\/\/pubeurope.com\/@lv\/115535944588072248","error":""},"_links":{"self":[{"href":"https:\/\/www.europesays.com\/lv\/wp-json\/wp\/v2\/posts\/46881","targetHints":{"allow":["GET"]}}],"collection":[{"href":"https:\/\/www.europesays.com\/lv\/wp-json\/wp\/v2\/posts"}],"about":[{"href":"https:\/\/www.europesays.com\/lv\/wp-json\/wp\/v2\/types\/post"}],"author":[{"embeddable":true,"href":"https:\/\/www.europesays.com\/lv\/wp-json\/wp\/v2\/users\/2"}],"replies":[{"embeddable":true,"href":"https:\/\/www.europesays.com\/lv\/wp-json\/wp\/v2\/comments?post=46881"}],"version-history":[{"count":0,"href":"https:\/\/www.europesays.com\/lv\/wp-json\/wp\/v2\/posts\/46881\/revisions"}],"wp:featuredmedia":[{"embeddable":true,"href":"https:\/\/www.europesays.com\/lv\/wp-json\/wp\/v2\/media\/46882"}],"wp:attachment":[{"href":"https:\/\/www.europesays.com\/lv\/wp-json\/wp\/v2\/media?parent=46881"}],"wp:term":[{"taxonomy":"category","embeddable":true,"href":"https:\/\/www.europesays.com\/lv\/wp-json\/wp\/v2\/categories?post=46881"},{"taxonomy":"post_tag","embeddable":true,"href":"https:\/\/www.europesays.com\/lv\/wp-json\/wp\/v2\/tags?post=46881"}],"curies":[{"name":"wp","href":"https:\/\/api.w.org\/{rel}","templated":true}]}}