{"id":47000,"date":"2025-11-12T11:16:00","date_gmt":"2025-11-12T11:16:00","guid":{"rendered":"https:\/\/www.europesays.com\/lv\/47000\/"},"modified":"2025-11-12T11:16:00","modified_gmt":"2025-11-12T11:16:00","slug":"ka-socialists-parvaldis-pasaules-finansu-galvaspilsetu-komandcentra-pulksten-16","status":"publish","type":"post","link":"https:\/\/www.europesays.com\/lv\/47000\/","title":{"rendered":"K\u0101 soci\u0101lists p\u0101rvald\u012bs pasaules finan\u0161u galvaspils\u0113tu? &#8220;Komandcentr\u0101&#8221; pulksten 16"},"content":{"rendered":"<p>ASV notiku\u0161as k\u0101rt\u0113j\u0101s starpv\u0113l\u0113\u0161anas, kur ekonomisk\u0101s nenoteikt\u012bbas, vald\u012bbas darba da\u013c\u0113jas aptur\u0113\u0161anas un prezidenta Donalda Trampa skand\u0101lu fon\u0101 lielus pan\u0101kumus guvusi opoz\u012bcij\u0101 eso\u0161\u0101 Demokr\u0101tisk\u0101 partija. Visliel\u0101kais p\u0101rsteigums, kas non\u0101cis ar\u012b starptautisko zi\u0146u virsrakstos \u2013 ASV liel\u0101k\u0101s pils\u0113tas, par glob\u0101l\u0101s finan\u0161u sist\u0113mas galvaspils\u0113tu d\u0113v\u0113t\u0101s \u0145ujorkas m\u0113ra amat\u0101 iev\u0113l\u0113ts 34 gadus vecs musulma\u0146u imigrants Zohrans Mamdani. Vi\u0146\u0161 pats sevi d\u0113v\u0113 par soci\u0101listu un ir gal\u0113ji kreis\u0101s Amerikas Demokr\u0101tisko soci\u0101listu partijas biedrs, kaut v\u0113l\u0113\u0161an\u0101s kandid\u0113ja no centrisk\u0101s Demokr\u0101tisk\u0101s partijas. K\u0101 Mamdani p\u0101rvald\u012bs \u0145ujorku? Ko varam secin\u0101t par Trampa iek\u0161politiskaj\u0101m poz\u012bcij\u0101m? Par to Ansis \u012av\u0101ns pulksten 16 raid\u012bjum\u0101 &#8220;Komandcentrs&#8221; run\u0101 ar \u0122eopolitikas p\u0113t\u012bjumu centra direktoru, R\u012bgas Stradi\u0146a universit\u0101tes asoci\u0113to profesoru M\u0101ri And\u017e\u0101nu un Latvijas \u0100rpolitikas instit\u016bta p\u0113tnieku, Latvijas Transatlantisk\u0101s organiz\u0101cijas valdes locekli Sandi \u0160r\u0101deru.<\/p>\n<p class=\"m-0\">Seko &#8220;Delfi&#8221; ar\u012b  <a target=\"_blank\" href=\"https:\/\/www.instagram.com\/delfi.lv\/\" rel=\"nofollow noopener\">Instagram<\/a>  un <a target=\"_blank\" href=\"https:\/\/www.youtube.com\/channel\/UCw5foWtcJvAbUm64rv7jwUQ\" rel=\"nofollow noopener\">YouTube<\/a>  profil\u0101 \u2013 pievienojies, lai uzzin\u0101tu svar\u012bg\u0101ko un interesant\u0101ko pirmais!<\/p>\n<p>Publik\u0101cijas saturs vai t\u0101s jebk\u0101da apjoma da\u013ca ir aizsarg\u0101ts autorties\u012bbu objekts Autorties\u012bbu likuma izpratn\u0113, un t\u0101 izmanto\u0161ana bez izdev\u0113ja at\u013caujas ir aizliegta. Vair\u0101k lasi  <a target=\"_blank\" href=\"https:\/\/www.delfi.lv\/noteikumi#autortiesibas\" rel=\"nofollow noopener\">\u0161eit<\/a><script async src=\"\/\/www.instagram.com\/embed.js\"><\/script><\/p>\n","protected":false},"excerpt":{"rendered":"ASV notiku\u0161as k\u0101rt\u0113j\u0101s starpv\u0113l\u0113\u0161anas, kur ekonomisk\u0101s nenoteikt\u012bbas, vald\u012bbas darba da\u013c\u0113jas aptur\u0113\u0161anas un prezidenta Donalda Trampa skand\u0101lu fon\u0101 lielus&hellip;\n","protected":false},"author":2,"featured_media":47001,"comment_status":"","ping_status":"","sticky":false,"template":"","format":"standard","meta":{"footnotes":""},"categories":[14],"tags":[23,57,3483,28,29,32,33,22,13034,30,31,35,39,38,36,37,34,40,20,26,27,24,25,54,55,56,21,58],"class_list":{"0":"post-47000","1":"post","2":"type-post","3":"status-publish","4":"format-standard","5":"has-post-thumbnail","7":"category-zinas-no-arvalstim","8":"tag-aktualitates","9":"tag-arvalstim","10":"tag-arzemes","11":"tag-breaking-news","12":"tag-breakingnews","13":"tag-featured-news","14":"tag-featurednews","15":"tag-headlines","16":"tag-komandcentrs","17":"tag-latest-news","18":"tag-latestnews","19":"tag-latvia","20":"tag-latvian","21":"tag-latviesu","22":"tag-latviesu-valoda","23":"tag-latviesuvaloda","24":"tag-latvija","25":"tag-lv","26":"tag-news","27":"tag-popularakas-zinas","28":"tag-popularakaszinas","29":"tag-top-stories","30":"tag-topstories","31":"tag-world","32":"tag-world-news","33":"tag-worldnews","34":"tag-zinas","35":"tag-zinas-no-arvalstim"},"share_on_mastodon":{"url":"https:\/\/pubeurope.com\/@lv\/115536447596045380","error":""},"_links":{"self":[{"href":"https:\/\/www.europesays.com\/lv\/wp-json\/wp\/v2\/posts\/47000","targetHints":{"allow":["GET"]}}],"collection":[{"href":"https:\/\/www.europesays.com\/lv\/wp-json\/wp\/v2\/posts"}],"about":[{"href":"https:\/\/www.europesays.com\/lv\/wp-json\/wp\/v2\/types\/post"}],"author":[{"embeddable":true,"href":"https:\/\/www.europesays.com\/lv\/wp-json\/wp\/v2\/users\/2"}],"replies":[{"embeddable":true,"href":"https:\/\/www.europesays.com\/lv\/wp-json\/wp\/v2\/comments?post=47000"}],"version-history":[{"count":0,"href":"https:\/\/www.europesays.com\/lv\/wp-json\/wp\/v2\/posts\/47000\/revisions"}],"wp:featuredmedia":[{"embeddable":true,"href":"https:\/\/www.europesays.com\/lv\/wp-json\/wp\/v2\/media\/47001"}],"wp:attachment":[{"href":"https:\/\/www.europesays.com\/lv\/wp-json\/wp\/v2\/media?parent=47000"}],"wp:term":[{"taxonomy":"category","embeddable":true,"href":"https:\/\/www.europesays.com\/lv\/wp-json\/wp\/v2\/categories?post=47000"},{"taxonomy":"post_tag","embeddable":true,"href":"https:\/\/www.europesays.com\/lv\/wp-json\/wp\/v2\/tags?post=47000"}],"curies":[{"name":"wp","href":"https:\/\/api.w.org\/{rel}","templated":true}]}}