{"id":47023,"date":"2025-11-12T11:35:18","date_gmt":"2025-11-12T11:35:18","guid":{"rendered":"https:\/\/www.europesays.com\/lv\/47023\/"},"modified":"2025-11-12T11:35:18","modified_gmt":"2025-11-12T11:35:18","slug":"tiesa-atzist-par-pamatotu-robezsarga-atlaisanu-no-dienesta-par-komentaru-krievi-nepadodas","status":"publish","type":"post","link":"https:\/\/www.europesays.com\/lv\/47023\/","title":{"rendered":"Tiesa atz\u012bst par pamatotu robe\u017esarga atlai\u0161anu no dienesta par koment\u0101ru &#8220;krievi nepadodas&#8221;"},"content":{"rendered":"<p>Lai ar\u012b izteiktais koment\u0101rs var tikt saprasts da\u017e\u0101di, jo nav piln\u012bgi skaidrs, vai ar to raksturots darbu process vai pausts atbalsts Krievijas agresijai, pieteic\u0113jam bija j\u0101apzin\u0101s, ka \u0161\u0101ds izteikums sabiedr\u012bbai var rad\u012bt \u0161aubas gan par vi\u0146a, gan visas robe\u017esardzes instit\u016bcijas v\u0113rt\u012bb\u0101m un uzticam\u012bbu, ko neatsver l\u012bdz\u0161in\u0113jais pozit\u012bvais pieteic\u0113ja raksturojums un dienesta gaita, uzsv\u0113ra tiesa, papildinot, ka t\u0101d\u0113\u013c iest\u0101des piem\u0113rotais disciplin\u0101rsods, kas saist\u012bts ar uztic\u012bbas zaud\u0113\u0161anu pieteic\u0113jam, pamatoti ticis atz\u012bts par sam\u0113r\u012bgu, un p\u0101rs\u016bdz\u0113t\u0101 sprieduma atcel\u0161anai nav pamata.<\/p>\n<p>Jau v\u0113st\u012bts, ka <a href=\"https:\/\/www.apollo.lv\/term\/655724\/robezsargs\" class=\"topicLink\" target=\"_blank\" rel=\"nofollow noopener\">robe\u017esargs<\/a> 2022. gada 26. oktobr\u012b kop\u0101 ar dienesta suni bija nor\u012bkots uzraudz\u012bt pieminek\u013ca demont\u0101\u017eas darbus, k\u0101 ar\u012b pierobe\u017eas un pierobe\u017eas joslas iev\u0113ro\u0161anas kontroli.<\/p>\n<p>Robe\u017esarga koment\u0101rs izskan\u0113ja, demont\u0113jot pl\u0101ksni pie pieminek\u013ca &#8220;Draudz\u012bbas kurg\u0101ns&#8221; uz Latvijas, Krievijas un Baltkrievijas robe\u017eas. A\u0123ent\u016bras LETA arh\u012bvs liecina, ka taj\u0101 dien\u0101 Balvos tika demont\u0113ts ar\u012b padomju piemineklis &#8220;Liel\u0101 T\u0113vijas kara partiz\u0101niem&#8221;.<\/p>\n<p>Robe\u017esargs nor\u012bkojuma laik\u0101 fotograf\u0113jis un film\u0113jis ar mobilo telefonu, kas nebija saist\u012bts ar nor\u012bkojuma uzdevuma izpildi. T\u0101pat vi\u0146\u0161 r\u012bkojies pret\u0113ji noteiktajiem amatpersonas \u0113tikas pamatprincipiem un valsts p\u0101rvaldes v\u0113rt\u012bb\u0101m, izsakot neviennoz\u012bm\u012bgu koment\u0101ru krievu valod\u0101 &#8220;russkije ne sdajutsa&#8221; padomju re\u017e\u012bmu slavino\u0161\u0101 pieminek\u013ca demont\u0101\u017eas darbu laik\u0101 un demonstr\u0113jot p\u0101r\u0113j\u0101m amatperson\u0101m savas fotogr\u0101fijas un videoierakstu ar izteikto koment\u0101ru.<\/p>\n<p>Robe\u017esardz\u0113 v\u0113r\u0161 uzman\u012bbu, ka izteiciens &#8220;russkije ne sdajutsa&#8221; nav nejau\u0161i izveidojies ikdieni\u0161\u0137u v\u0101rdu salikums, un par to iesp\u0113jams p\u0101rliecin\u0101ties publiskaj\u0101 telp\u0101, kur \u0161o sauklis Latvij\u0101 lieto noteikta sabiedr\u012bbas da\u013ca, protest\u0113jot pret da\u017e\u0101d\u0101m dz\u012bves noris\u0113m un ar\u012b pulc\u0113joties piemi\u0146as pas\u0101kumos.<\/p>\n<blockquote class=\"quote ck-widget\" contenteditable=\"false\">\n<p>Fr\u0101ze &#8220;russkije ne sdajutsa&#8221; ir gadsimtiem sens Krievijas armijas lozungs.<\/p>\n<\/blockquote>\n<p>Amatpersonu no dienesta atva\u013cin\u0101ja 2022. gada 1. decembr\u012b. Atva\u013cin\u0101tais robe\u017esargs l\u016bdza l\u0113mumu p\u0101rskat\u012bt, tom\u0113r augst\u0101kst\u0101vo\u0161a amatpersona atst\u0101ja l\u0113mumu negroz\u012btu. P\u0113c tam bijus\u012b amatpersona v\u0113rs\u0101s ties\u0101 un l\u016bdza l\u0113mumu atcelt.<\/p>\n<p>Atva\u013cin\u0101tais robe\u017esargs ties\u0101 nor\u0101d\u012bja, ka, film\u0113jot demont\u0101\u017eas darbus un izsakoties &#8220;russkije ne sdajutsa&#8221;, dom\u0101jis tikai par pl\u0101ksnes demont\u0101\u017eu, nevis dar\u012bja to ar k\u0101du citu nol\u016bku un nodomu, un vi\u0146a r\u012bc\u012bba neesot saist\u012bta ar atbalstu Krievijas agresijai pret Ukrainu.<\/p>\n","protected":false},"excerpt":{"rendered":"Lai ar\u012b izteiktais koment\u0101rs var tikt saprasts da\u017e\u0101di, jo nav piln\u012bgi skaidrs, vai ar to raksturots darbu process&hellip;\n","protected":false},"author":2,"featured_media":47024,"comment_status":"","ping_status":"","sticky":false,"template":"","format":"standard","meta":{"footnotes":""},"categories":[12],"tags":[23,28,29,32,33,22,30,31,35,39,38,36,37,34,40,20,26,27,10133,375,24,25,21],"class_list":{"0":"post-47023","1":"post","2":"type-post","3":"status-publish","4":"format-standard","5":"has-post-thumbnail","7":"category-latvija","8":"tag-aktualitates","9":"tag-breaking-news","10":"tag-breakingnews","11":"tag-featured-news","12":"tag-featurednews","13":"tag-headlines","14":"tag-latest-news","15":"tag-latestnews","16":"tag-latvia","17":"tag-latvian","18":"tag-latviesu","19":"tag-latviesu-valoda","20":"tag-latviesuvaloda","21":"tag-latvija","22":"tag-lv","23":"tag-news","24":"tag-popularakas-zinas","25":"tag-popularakaszinas","26":"tag-robezsargs","27":"tag-tiesa","28":"tag-top-stories","29":"tag-topstories","30":"tag-zinas"},"share_on_mastodon":{"url":"https:\/\/pubeurope.com\/@lv\/115536522296156116","error":""},"_links":{"self":[{"href":"https:\/\/www.europesays.com\/lv\/wp-json\/wp\/v2\/posts\/47023","targetHints":{"allow":["GET"]}}],"collection":[{"href":"https:\/\/www.europesays.com\/lv\/wp-json\/wp\/v2\/posts"}],"about":[{"href":"https:\/\/www.europesays.com\/lv\/wp-json\/wp\/v2\/types\/post"}],"author":[{"embeddable":true,"href":"https:\/\/www.europesays.com\/lv\/wp-json\/wp\/v2\/users\/2"}],"replies":[{"embeddable":true,"href":"https:\/\/www.europesays.com\/lv\/wp-json\/wp\/v2\/comments?post=47023"}],"version-history":[{"count":0,"href":"https:\/\/www.europesays.com\/lv\/wp-json\/wp\/v2\/posts\/47023\/revisions"}],"wp:featuredmedia":[{"embeddable":true,"href":"https:\/\/www.europesays.com\/lv\/wp-json\/wp\/v2\/media\/47024"}],"wp:attachment":[{"href":"https:\/\/www.europesays.com\/lv\/wp-json\/wp\/v2\/media?parent=47023"}],"wp:term":[{"taxonomy":"category","embeddable":true,"href":"https:\/\/www.europesays.com\/lv\/wp-json\/wp\/v2\/categories?post=47023"},{"taxonomy":"post_tag","embeddable":true,"href":"https:\/\/www.europesays.com\/lv\/wp-json\/wp\/v2\/tags?post=47023"}],"curies":[{"name":"wp","href":"https:\/\/api.w.org\/{rel}","templated":true}]}}