{"id":47036,"date":"2025-11-12T11:48:07","date_gmt":"2025-11-12T11:48:07","guid":{"rendered":"https:\/\/www.europesays.com\/lv\/47036\/"},"modified":"2025-11-12T11:48:07","modified_gmt":"2025-11-12T11:48:07","slug":"divkarteja-olimpiete-aparjode-atzist-ka-sobrid-par-olimpiskajam-spelem-nedoma","status":"publish","type":"post","link":"https:\/\/www.europesays.com\/lv\/47036\/","title":{"rendered":"Divk\u0101rt\u0113j\u0101 olimpiete Aparjode atz\u012bst, ka \u0161obr\u012bd par olimpiskaj\u0101m sp\u0113l\u0113m nedom\u0101"},"content":{"rendered":"<p>Run\u0101jot par sezonas m\u0113r\u0137iem, Aparjode v\u0113las p\u0113c iesp\u0113jas lab\u0101k start\u0113t vis\u0101s sacens\u012bb\u0101s.<\/p>\n<blockquote class=\"quote ck-widget\" contenteditable=\"false\">\n<p>&#8220;Fokus\u0113\u0161os katr\u0101m sacens\u012bb\u0101m. Tagad nedom\u0101ju par olimpiskaj\u0101m sp\u0113l\u0113m,&#8221; saka sportiste. &#8220;Mums b\u016bs ar\u012b iek\u0161\u0113j\u0101 kvalifik\u0101cija, jo esam \u010detras brauc\u0113jas sievie\u0161u konkurenc\u0113, bet uz olimpiskaj\u0101m sp\u0113l\u0113m diem\u017e\u0113l braukt var\u0113s tikai tr\u012bs. Katras sacens\u012bbas b\u016bs svar\u012bgas.&#8221;<\/p>\n<\/blockquote>\n<p>Vi\u0146a st\u0101sta, ka, lai noteiktu tr\u012bs brauc\u0113jas uz olimpiskaj\u0101m sp\u0113l\u0113m, v\u0113r\u0101 tiks \u0146emti Pasaules kausa posmi, k\u0101 ar\u012b testa sacens\u012bbas novembra beig\u0101s Kort\u012bnas tras\u0113.<\/p>\n<p>&#8220;Pirmaj\u0101 treni\u0146nometn\u0113 Kort\u012bn\u0101 oktobra beig\u0101s un novembra s\u0101kum\u0101 konkurencei komandas iek\u0161ien\u0113 nepiev\u0113rs\u0101m uzman\u012bbu, jo cent\u0101mies apg\u016bt un atcer\u0113ties visas vir\u0101\u017eas,&#8221; st\u0101sta kamani\u0146u brauc\u0113ja.<\/p>\n<p>&#8220;S\u0101kum\u0101 man bija t\u0101, ka it k\u0101 vir\u0101\u017eas ir iegaum\u0113tas, bet p\u0113k\u0161\u0146i tras\u0113 nesaproti, kur\u0101 vir\u0101\u017e\u0101 esi. Tagad viss ir apg\u016bts, zinu, kas j\u0101dara, un atliek tikai m\u0113\u0123in\u0101t vis\u0101tr\u0101k tikt l\u012bdz fini\u0161am,&#8221; saka Aparjode.<\/p>\n<p>Vi\u0146a uzsv\u0113ra, ka olimpisk\u0101 trase ir interesanta un vi\u0146ai \u013coti patika, bet \u0101trums netrauc\u0113 brauk\u0161anai.<\/p>\n<p>&#8220;Nav gr\u016bt\u0101k\u0101 trase, k\u0101d\u0101 esmu braukusi, bet nav ar\u012b viegl\u0101k\u0101, jo ir \u0101\u0137\u012bgas vieti\u0146as, kas liel\u0101 m\u0113r\u0101 b\u016bs noteico\u0161as laba rezult\u0101ta sasnieg\u0161anai,&#8221; saka sportiste.<\/p>\n","protected":false},"excerpt":{"rendered":"Run\u0101jot par sezonas m\u0113r\u0137iem, Aparjode v\u0113las p\u0113c iesp\u0113jas lab\u0101k start\u0113t vis\u0101s sacens\u012bb\u0101s. &#8220;Fokus\u0113\u0161os katr\u0101m sacens\u012bb\u0101m. Tagad nedom\u0101ju par&hellip;\n","protected":false},"author":2,"featured_media":47037,"comment_status":"","ping_status":"","sticky":false,"template":"","format":"standard","meta":{"footnotes":""},"categories":[17],"tags":[9921,12706,35,39,38,36,37,34,40,1500,67,527],"class_list":{"0":"post-47036","1":"post","2":"type-post","3":"status-publish","4":"format-standard","5":"has-post-thumbnail","7":"category-sports","8":"tag-kamaninas","9":"tag-kendija-aparjode","10":"tag-latvia","11":"tag-latvian","12":"tag-latviesu","13":"tag-latviesu-valoda","14":"tag-latviesuvaloda","15":"tag-latvija","16":"tag-lv","17":"tag-olimpiskas-speles","18":"tag-sports","19":"tag-ziemas-olimpiskas-speles"},"share_on_mastodon":{"url":"https:\/\/pubeurope.com\/@lv\/115536573462888477","error":""},"_links":{"self":[{"href":"https:\/\/www.europesays.com\/lv\/wp-json\/wp\/v2\/posts\/47036","targetHints":{"allow":["GET"]}}],"collection":[{"href":"https:\/\/www.europesays.com\/lv\/wp-json\/wp\/v2\/posts"}],"about":[{"href":"https:\/\/www.europesays.com\/lv\/wp-json\/wp\/v2\/types\/post"}],"author":[{"embeddable":true,"href":"https:\/\/www.europesays.com\/lv\/wp-json\/wp\/v2\/users\/2"}],"replies":[{"embeddable":true,"href":"https:\/\/www.europesays.com\/lv\/wp-json\/wp\/v2\/comments?post=47036"}],"version-history":[{"count":0,"href":"https:\/\/www.europesays.com\/lv\/wp-json\/wp\/v2\/posts\/47036\/revisions"}],"wp:featuredmedia":[{"embeddable":true,"href":"https:\/\/www.europesays.com\/lv\/wp-json\/wp\/v2\/media\/47037"}],"wp:attachment":[{"href":"https:\/\/www.europesays.com\/lv\/wp-json\/wp\/v2\/media?parent=47036"}],"wp:term":[{"taxonomy":"category","embeddable":true,"href":"https:\/\/www.europesays.com\/lv\/wp-json\/wp\/v2\/categories?post=47036"},{"taxonomy":"post_tag","embeddable":true,"href":"https:\/\/www.europesays.com\/lv\/wp-json\/wp\/v2\/tags?post=47036"}],"curies":[{"name":"wp","href":"https:\/\/api.w.org\/{rel}","templated":true}]}}