{"id":47039,"date":"2025-11-12T11:54:08","date_gmt":"2025-11-12T11:54:08","guid":{"rendered":"https:\/\/www.europesays.com\/lv\/47039\/"},"modified":"2025-11-12T11:54:08","modified_gmt":"2025-11-12T11:54:08","slug":"astoni-gadi-pec-karjeras-beigam-rudnevs-atgriezas-futbola-jauna-loma","status":"publish","type":"post","link":"https:\/\/www.europesays.com\/lv\/47039\/","title":{"rendered":"Asto\u0146i gadi p\u0113c karjeras beig\u0101m \u2013 Rud\u0146evs atgrie\u017eas futbol\u0101 jaun\u0101 lom\u0101"},"content":{"rendered":"<p>Rud\u0146evs str\u0101d\u0101s ar futbola skolas U-13 vecuma grupas komandu, kur\u0101 sp\u0113l\u0113 2013. gad\u0101 dzimu\u0161ie audz\u0113k\u0146i.<\/p>\n<p><a href=\"https:\/\/www.apollo.lv\/term\/14326\/daugavpils\" class=\"topicLink\" target=\"_blank\" rel=\"nofollow noopener\">Daugavpils<\/a> Futbola skolas direktors Deniss Sarafa\u0146uks nor\u0101da:<\/p>\n<p>&#8220;Viennoz\u012bm\u012bgi v\u0113rt\u012bgs pienesums ne tikai Daugavpils, bet ar\u012b visas Latvijas futbola att\u012bst\u012bb\u0101. Aptuveni pirms m\u0113ne\u0161a mums ar Artjomu notika saruna par \u0161\u0101das iesp\u0113jas realiz\u0113\u0161anu. Biju p\u0101rliecin\u0101ts, ka \u0161\u0101du iesp\u0113ju nedr\u012bkst palaist gar\u0101m \u2013 kad m\u016bsu pa\u0161m\u0101ju talants, smaga darba un neatlaid\u012bbas piem\u0113rs, v\u0113las un var dal\u012bties ar savu pieredzi ar Daugavpils Futbola skolas audz\u0113k\u0146iem.&#8221;<\/p>\n<p>37 gadus vecais Rud\u0146evs ir viens no lab\u0101kajiem futbolistiem Latvijas v\u0113stur\u0113. Sav\u0101 karjer\u0101 vi\u0146\u0161 sp\u0113l\u0113jis dzimten\u0113, Ung\u0101rij\u0101, Polij\u0101 un V\u0101cij\u0101.<\/p>\n<p>2010. gad\u0101 Rud\u0146evs pal\u012bdz\u0113ja &#8220;Lech Pozna\u0144&#8221; iek\u013c\u016bt UEFA Eiropas l\u012bgas astotda\u013cfin\u0101l\u0101. Grupu turn\u012br\u0101 vi\u0146\u0161 aizvad\u012bja vienu no le\u0123end\u0101r\u0101kaj\u0101m sp\u0113l\u0113m Latvijas sporta v\u0113stur\u0113, izce\u013coties ar &#8220;hat-trick&#8221; jeb tr\u012bs g\u016btiem v\u0101rtiem pret vienu no pasaules liel\u0101kajiem klubiem \u2013 Tur\u012bnas &#8220;Juventus&#8221;.<\/p>\n<p>2012. gad\u0101 Rud\u0146evs par latvie\u0161u rekordsummu \u2013 3,5 miljoniem eiro \u2013 pievienoj\u0101s V\u0101cijas Bundesl\u012bgas klubam &#8220;Hamburger SV&#8221;. Debijas sezon\u0101 Rud\u0146evs guva 12 v\u0101rtus, k\u013c\u016bstot par dev\u012bto rezultat\u012bv\u0101ko sp\u0113l\u0113t\u0101ju l\u012bg\u0101. Tas joproj\u0101m ir viens no iev\u0113rojam\u0101kajiem sasniegumiem Latvijas futbol\u0101.<\/p>\n<p>Lai ar\u012b daugavpilietis karjeras turpin\u0101jum\u0101 palika V\u0101cij\u0101, vi\u0146am vairs neizdev\u0101s atk\u0101rtot debijas sezonas pan\u0101kumus. 2017. gada 29. septembr\u012b \u0123imenes apst\u0101k\u013cu d\u0113\u013c Rud\u0146evs nol\u0113ma nosl\u0113gt profesion\u0101lo karjeru.<\/p>\n<p>Kop\u0161 t\u0101 laika vi\u0146\u0161 savu l\u0113mumu nav pla\u0161\u0101k koment\u0113jis. Pievieno\u0161an\u0101s Daugavpils Futbola skolai ir viena no retaj\u0101m zi\u0146\u0101m par Rud\u0146evu kop\u0161 vi\u0146a karjeras beig\u0101m.<\/p>\n","protected":false},"excerpt":{"rendered":"Rud\u0146evs str\u0101d\u0101s ar futbola skolas U-13 vecuma grupas komandu, kur\u0101 sp\u0113l\u0113 2013. gad\u0101 dzimu\u0161ie audz\u0113k\u0146i. Daugavpils Futbola skolas&hellip;\n","protected":false},"author":2,"featured_media":47040,"comment_status":"","ping_status":"","sticky":false,"template":"","format":"standard","meta":{"footnotes":""},"categories":[17],"tags":[13043,168,676,715,35,39,38,36,37,34,40,67],"class_list":{"0":"post-47039","1":"post","2":"type-post","3":"status-publish","4":"format-standard","5":"has-post-thumbnail","7":"category-sports","8":"tag-artjoms-rudnevs","9":"tag-daugavpils","10":"tag-futbols","11":"tag-futbols-latvija","12":"tag-latvia","13":"tag-latvian","14":"tag-latviesu","15":"tag-latviesu-valoda","16":"tag-latviesuvaloda","17":"tag-latvija","18":"tag-lv","19":"tag-sports"},"share_on_mastodon":{"url":"https:\/\/pubeurope.com\/@lv\/115536597031040647","error":""},"_links":{"self":[{"href":"https:\/\/www.europesays.com\/lv\/wp-json\/wp\/v2\/posts\/47039","targetHints":{"allow":["GET"]}}],"collection":[{"href":"https:\/\/www.europesays.com\/lv\/wp-json\/wp\/v2\/posts"}],"about":[{"href":"https:\/\/www.europesays.com\/lv\/wp-json\/wp\/v2\/types\/post"}],"author":[{"embeddable":true,"href":"https:\/\/www.europesays.com\/lv\/wp-json\/wp\/v2\/users\/2"}],"replies":[{"embeddable":true,"href":"https:\/\/www.europesays.com\/lv\/wp-json\/wp\/v2\/comments?post=47039"}],"version-history":[{"count":0,"href":"https:\/\/www.europesays.com\/lv\/wp-json\/wp\/v2\/posts\/47039\/revisions"}],"wp:featuredmedia":[{"embeddable":true,"href":"https:\/\/www.europesays.com\/lv\/wp-json\/wp\/v2\/media\/47040"}],"wp:attachment":[{"href":"https:\/\/www.europesays.com\/lv\/wp-json\/wp\/v2\/media?parent=47039"}],"wp:term":[{"taxonomy":"category","embeddable":true,"href":"https:\/\/www.europesays.com\/lv\/wp-json\/wp\/v2\/categories?post=47039"},{"taxonomy":"post_tag","embeddable":true,"href":"https:\/\/www.europesays.com\/lv\/wp-json\/wp\/v2\/tags?post=47039"}],"curies":[{"name":"wp","href":"https:\/\/api.w.org\/{rel}","templated":true}]}}