{"id":47041,"date":"2025-11-12T11:56:05","date_gmt":"2025-11-12T11:56:05","guid":{"rendered":"https:\/\/www.europesays.com\/lv\/47041\/"},"modified":"2025-11-12T11:56:05","modified_gmt":"2025-11-12T11:56:05","slug":"tramps-varetu-sudzet-tiesa-bbc","status":"publish","type":"post","link":"https:\/\/www.europesays.com\/lv\/47041\/","title":{"rendered":"Tramps var\u0113tu s\u016bdz\u0113t ties\u0101 BBC"},"content":{"rendered":"<p>Ta\u010du Tramps v\u0113l nepazi\u0146oja, ka tie\u0161\u0101m gras\u0101s to dar\u012bt.<\/p>\n<p>Prezidenta runas redi\u0123\u0113\u0161ana rad\u012bja iespaidu, ka Tramps neilgi pirms vi\u0146a atbalst\u012bt\u0101ju iebrukuma Kapitolij\u0101 2021. gada 6. janv\u0101r\u012b tie\u0161i aicin\u0101jis uz vardarb\u012bgu r\u012bc\u012bbu. Ori\u0123in\u0101laj\u0101 Trampa run\u0101 tie\u0161a aicin\u0101juma nav.<\/p>\n<p><a href=\"https:\/\/www.tvnet.lv\/term\/2419\/bbc\" class=\"topicLink\" target=\"_blank\" rel=\"nofollow noopener\">BBC<\/a> pirmdien atvainoj\u0101s par Trampa runas redi\u0123\u0113\u0161anu, kas ar\u012b novedusi pie BBC \u0123ener\u0101ldirektora Tima Deivija un BBC zi\u0146u redakcijas vad\u012bt\u0101jas Deboras T\u0113rnesas atk\u0101p\u0161an\u0101s.<\/p>\n<p>Trampa advok\u0101ti pirmdien draud\u0113ja ies\u016bdz\u0113t BBC, pieprasot miljardu dol\u0101ru lielu kompens\u0101ciju, liecina zi\u0146u a\u0123ent\u016bras AFP r\u012bc\u012bb\u0101 non\u0101kus\u012b v\u0113stule.<\/p>\n<p>Intervij\u0101 telekan\u0101lam &#8220;Fox News&#8221; Trampam tika jaut\u0101ts, vai vi\u0146\u0161 gras\u0101s s\u016bdz\u0113t ties\u0101 BBC. Tramps atbild\u0113ja, ka vi\u0146am laikam vajadz\u0113tu to dar\u012bt. &#8220;Es dom\u0101ju, ka man ir pien\u0101kums to dar\u012bt,&#8221; pazi\u0146oja Tramps, ta\u010du neapstiprin\u0101ja, vai ir ofici\u0101li s\u0101cis tiesved\u012bbu pret BBC par neslavas cel\u0161anu.<\/p>\n<p>&#8220;Vi\u0146i piekr\u0101pa sabiedr\u012bbu, un vi\u0146i to ir atzinu\u0161i,&#8221; piebilda prezidents.<\/p>\n<p>Tramps nor\u0101d\u012bja, ka <a href=\"https:\/\/www.tvnet.lv\/term\/555491\/lielbritanija\" class=\"topicLink\" target=\"_blank\" rel=\"nofollow noopener\">Lielbrit\u0101nija<\/a> ir viens no liel\u0101kajiem <a href=\"https:\/\/www.tvnet.lv\/term\/555410\/asv\" class=\"topicLink\" target=\"_blank\" rel=\"nofollow noopener\">ASV<\/a> sabiedrotajiem un ka t\u0101s vald\u012bbai pieder liela da\u013ca BBC.<\/p>\n","protected":false},"excerpt":{"rendered":"Ta\u010du Tramps v\u0113l nepazi\u0146oja, ka tie\u0161\u0101m gras\u0101s to dar\u012bt. Prezidenta runas redi\u0123\u0113\u0161ana rad\u012bja iespaidu, ka Tramps neilgi pirms&hellip;\n","protected":false},"author":2,"featured_media":47042,"comment_status":"","ping_status":"","sticky":false,"template":"","format":"standard","meta":{"footnotes":""},"categories":[14],"tags":[23,57,292,12726,28,29,542,32,33,22,30,31,35,39,38,36,37,34,487,40,20,26,27,24,25,54,55,56,21,58],"class_list":{"0":"post-47041","1":"post","2":"type-post","3":"status-publish","4":"format-standard","5":"has-post-thumbnail","7":"category-zinas-no-arvalstim","8":"tag-aktualitates","9":"tag-arvalstim","10":"tag-asv","11":"tag-bbc","12":"tag-breaking-news","13":"tag-breakingnews","14":"tag-donalds-tramps","15":"tag-featured-news","16":"tag-featurednews","17":"tag-headlines","18":"tag-latest-news","19":"tag-latestnews","20":"tag-latvia","21":"tag-latvian","22":"tag-latviesu","23":"tag-latviesu-valoda","24":"tag-latviesuvaloda","25":"tag-latvija","26":"tag-lielbritanija","27":"tag-lv","28":"tag-news","29":"tag-popularakas-zinas","30":"tag-popularakaszinas","31":"tag-top-stories","32":"tag-topstories","33":"tag-world","34":"tag-world-news","35":"tag-worldnews","36":"tag-zinas","37":"tag-zinas-no-arvalstim"},"share_on_mastodon":{"url":"https:\/\/pubeurope.com\/@lv\/115536604860507061","error":""},"_links":{"self":[{"href":"https:\/\/www.europesays.com\/lv\/wp-json\/wp\/v2\/posts\/47041","targetHints":{"allow":["GET"]}}],"collection":[{"href":"https:\/\/www.europesays.com\/lv\/wp-json\/wp\/v2\/posts"}],"about":[{"href":"https:\/\/www.europesays.com\/lv\/wp-json\/wp\/v2\/types\/post"}],"author":[{"embeddable":true,"href":"https:\/\/www.europesays.com\/lv\/wp-json\/wp\/v2\/users\/2"}],"replies":[{"embeddable":true,"href":"https:\/\/www.europesays.com\/lv\/wp-json\/wp\/v2\/comments?post=47041"}],"version-history":[{"count":0,"href":"https:\/\/www.europesays.com\/lv\/wp-json\/wp\/v2\/posts\/47041\/revisions"}],"wp:featuredmedia":[{"embeddable":true,"href":"https:\/\/www.europesays.com\/lv\/wp-json\/wp\/v2\/media\/47042"}],"wp:attachment":[{"href":"https:\/\/www.europesays.com\/lv\/wp-json\/wp\/v2\/media?parent=47041"}],"wp:term":[{"taxonomy":"category","embeddable":true,"href":"https:\/\/www.europesays.com\/lv\/wp-json\/wp\/v2\/categories?post=47041"},{"taxonomy":"post_tag","embeddable":true,"href":"https:\/\/www.europesays.com\/lv\/wp-json\/wp\/v2\/tags?post=47041"}],"curies":[{"name":"wp","href":"https:\/\/api.w.org\/{rel}","templated":true}]}}