{"id":47043,"date":"2025-11-12T12:00:19","date_gmt":"2025-11-12T12:00:19","guid":{"rendered":"https:\/\/www.europesays.com\/lv\/47043\/"},"modified":"2025-11-12T12:00:19","modified_gmt":"2025-11-12T12:00:19","slug":"problemu-skartaja-vdaa-iecelts-jauns-direktors","status":"publish","type":"post","link":"https:\/\/www.europesays.com\/lv\/47043\/","title":{"rendered":"Probl\u0113mu skartaj\u0101 VDAA iecelts jauns direktors"},"content":{"rendered":"<p>Pusv\u0101cietis l\u012bdz \u0161im ie\u0146\u0113ma <a href=\"https:\/\/www.tvnet.lv\/term\/789312\/vdaa\" class=\"topicLink\" target=\"_blank\" rel=\"nofollow noopener\">VDAA<\/a> direktora vietnieka att\u012bst\u012bbas un pakalpojumu p\u0101rvald\u012bbas jaut\u0101jumos amatu.<\/p>\n<p>Saska\u0146\u0101 ar <a href=\"https:\/\/www.tvnet.lv\/term\/567709\/varam\" class=\"topicLink\" target=\"_blank\" rel=\"nofollow noopener\">VARAM<\/a> inform\u0101ciju, Pusv\u0101cietis darbu VDAA s\u0101ka \u0161\u012b gada mart\u0101, pirms tam vi\u0146\u0161 str\u0101d\u0101ja Valsts prob\u0101cijas dienest\u0101, kur ie\u0146\u0113ma vair\u0101kus amatus, tostarp vad\u012bt\u0101ja vietnieka att\u012bst\u012bbas jaut\u0101jumos amatu un Darb\u012bbas anal\u012bzes un att\u012bst\u012bbas departamenta vad\u012bt\u0101ja, dienesta vad\u012bt\u0101ja vietnieka amatu, k\u0101 ar\u012b pild\u012bja finan\u0161u anal\u012bti\u0137a un pl\u0101not\u0101ja pien\u0101kumus.<\/p>\n<p>Pildot amata pien\u0101kumus Valsts prob\u0101cijas dienest\u0101, Pusv\u0101cietis bija atbild\u012bgs par strat\u0113\u0123isk\u0101s vad\u012bbas procesu inform\u0101cijas sist\u0113mu un infrastrukt\u016bras att\u012bst\u012bbu. Vi\u0146\u0161 desmit gadus str\u0101d\u0101ja Tieslietu ministrij\u0101, tostarp ie\u0146emot Projektu departamenta Projektu pl\u0101no\u0161anas un \u012bsteno\u0161anas noda\u013cas vad\u012bt\u0101ja amatu. Par darbu Tieslietu ministrij\u0101 Pusv\u0101cietis ir sa\u0146\u0113mis vair\u0101kus apbalvojumus, tai skait\u0101 pirm\u0101s pak\u0101pes Tieslietu ministrijas atzin\u012bbas rakstu.<\/p>\n<p>Pusv\u0101cietis ieguvis otr\u0101 l\u012bme\u0146a augst\u0101ko profesion\u0101lo izgl\u012bt\u012bbu &#8211; ekonomista kvalifik\u0101ciju R\u012bgas Tehnisk\u0101s universit\u0101tes (RTU) In\u017eenierekonomikas fakult\u0101tes Ra\u017eo\u0161anas un uz\u0146\u0113m\u0113jdarb\u012bbas instit\u016bt\u0101, k\u0101 ar\u012b gr\u0101matved\u012bbas un nodok\u013cu speci\u0101lista kvalifik\u0101ciju RTU In\u017eenierekonomikas fakult\u0101tes Ekonomikas koled\u017e\u0101. Vi\u0146\u0161 regul\u0101ri papildin\u0101jis profesion\u0101l\u0101s prasmes da\u017e\u0101dos kursos.<\/p>\n<p>K\u0101 zi\u0146ots, VDAA direktora amats k\u013cuva vakants p\u0113c tam, kad par nepiln\u012bb\u0101m aizvad\u012bt\u0101s vasaras pa\u0161vald\u012bbu v\u0113l\u0113\u0161anu IT nodro\u0161in\u0101jum\u0101 amat\u0101 tika pazemin\u0101ts un p\u0101rcelts uz citu iest\u0101di iepriek\u0161\u0113jais VDAA vad\u012bt\u0101js Jorens Liopa.<\/p>\n<p>Uz \u0161o amatu tika izsludin\u0101ts konkurss, kur\u0101 tika sa\u0146emti desmit pieteikumi. A\u0123ent\u016bras vad\u012bt\u0101jam tika pied\u0101v\u0101ta m\u0113ne\u0161alga no 4700 eiro pirms nodok\u013cu nomaksas, vesel\u012bbas apdro\u0161in\u0101\u0161ana, k\u0101 ar\u012b &#8220;motiv\u0113jo\u0161a bonusu sist\u0113ma atbilsto\u0161i sasniegtajiem darba rezult\u0101tiem&#8221;.<\/p>\n","protected":false},"excerpt":{"rendered":"Pusv\u0101cietis l\u012bdz \u0161im ie\u0146\u0113ma VDAA direktora vietnieka att\u012bst\u012bbas un pakalpojumu p\u0101rvald\u012bbas jaut\u0101jumos amatu. Saska\u0146\u0101 ar VARAM inform\u0101ciju, Pusv\u0101cietis&hellip;\n","protected":false},"author":2,"featured_media":47044,"comment_status":"","ping_status":"","sticky":false,"template":"","format":"standard","meta":{"footnotes":""},"categories":[5],"tags":[23,28,29,32,33,22,30,31,35,39,38,36,37,34,40,20,4758,26,27,24,25,13045,3493,13044,21],"class_list":{"0":"post-47043","1":"post","2":"type-post","3":"status-publish","4":"format-standard","5":"has-post-thumbnail","7":"category-aktualitates","8":"tag-aktualitates","9":"tag-breaking-news","10":"tag-breakingnews","11":"tag-featured-news","12":"tag-featurednews","13":"tag-headlines","14":"tag-latest-news","15":"tag-latestnews","16":"tag-latvia","17":"tag-latvian","18":"tag-latviesu","19":"tag-latviesu-valoda","20":"tag-latviesuvaloda","21":"tag-latvija","22":"tag-lv","23":"tag-news","24":"tag-pasvaldibu-velesanas","25":"tag-popularakas-zinas","26":"tag-popularakaszinas","27":"tag-top-stories","28":"tag-topstories","29":"tag-valsts-digitalas-attistibas-agentura","30":"tag-varam","31":"tag-vdaa","32":"tag-zinas"},"share_on_mastodon":{"url":"https:\/\/pubeurope.com\/@lv\/115536620634987859","error":""},"_links":{"self":[{"href":"https:\/\/www.europesays.com\/lv\/wp-json\/wp\/v2\/posts\/47043","targetHints":{"allow":["GET"]}}],"collection":[{"href":"https:\/\/www.europesays.com\/lv\/wp-json\/wp\/v2\/posts"}],"about":[{"href":"https:\/\/www.europesays.com\/lv\/wp-json\/wp\/v2\/types\/post"}],"author":[{"embeddable":true,"href":"https:\/\/www.europesays.com\/lv\/wp-json\/wp\/v2\/users\/2"}],"replies":[{"embeddable":true,"href":"https:\/\/www.europesays.com\/lv\/wp-json\/wp\/v2\/comments?post=47043"}],"version-history":[{"count":0,"href":"https:\/\/www.europesays.com\/lv\/wp-json\/wp\/v2\/posts\/47043\/revisions"}],"wp:featuredmedia":[{"embeddable":true,"href":"https:\/\/www.europesays.com\/lv\/wp-json\/wp\/v2\/media\/47044"}],"wp:attachment":[{"href":"https:\/\/www.europesays.com\/lv\/wp-json\/wp\/v2\/media?parent=47043"}],"wp:term":[{"taxonomy":"category","embeddable":true,"href":"https:\/\/www.europesays.com\/lv\/wp-json\/wp\/v2\/categories?post=47043"},{"taxonomy":"post_tag","embeddable":true,"href":"https:\/\/www.europesays.com\/lv\/wp-json\/wp\/v2\/tags?post=47043"}],"curies":[{"name":"wp","href":"https:\/\/api.w.org\/{rel}","templated":true}]}}