{"id":47061,"date":"2025-11-12T12:18:17","date_gmt":"2025-11-12T12:18:17","guid":{"rendered":"https:\/\/www.europesays.com\/lv\/47061\/"},"modified":"2025-11-12T12:18:17","modified_gmt":"2025-11-12T12:18:17","slug":"nhl-satraukta-par-olimpiska-hokeja-turnira-arenas-gatavibu-nosuta-savus-parstavjus-parbaude","status":"publish","type":"post","link":"https:\/\/www.europesays.com\/lv\/47061\/","title":{"rendered":"NHL satraukta par olimpisk\u0101 hokeja turn\u012bra ar\u0113nas gatav\u012bbu \u2013 nos\u016bta savus p\u0101rst\u0101vjus p\u0101rbaud\u0113"},"content":{"rendered":"<p>Nacion\u0101l\u0101 hokeja l\u012bga (<a rel=\"noopener nofollow\" target=\"_blank\" href=\"https:\/\/www.delfi.lv\/temas\/35213925\/nhl\" data-rel-date-range=\"[]\">NHL<\/a>) ir nopietni satraukta par Mil\u0101nas-Kort\u012bnas olimpisko sp\u0113\u013cu hokeja ar\u0113nas b\u016bvniec\u012bbas tempu un gatav\u012bbu, un jau n\u0101kamned\u0113\u013c uz It\u0101liju dosies l\u012bgas p\u0101rst\u0101vji, lai situ\u0101ciju p\u0101rbaud\u012btu kl\u0101tien\u0113, raksta &#8220;The Athletic&#8221;.<\/p>\n<p>&#8220;Ceram, ka n\u0101kamned\u0113\u013c mums b\u016bs daudz skaidr\u0101ks priek\u0161stats par to, vai viss notiek p\u0113c pl\u0101na. \u0160is ir \u013coti svar\u012bgs turn\u012brs gan sp\u0113l\u0113t\u0101jiem, gan l\u012bdzjut\u0113jiem, un m\u0113s v\u0113lamies, lai apst\u0101k\u013ci b\u016btu ide\u0101li,&#8221; teica Deilijs.<\/p>\n<p class=\"m-0\">Seko &#8220;Delfi&#8221; ar\u012b  <a target=\"_blank\" href=\"https:\/\/www.instagram.com\/delfi.lv\/\" rel=\"nofollow noopener\">Instagram<\/a>  un <a target=\"_blank\" href=\"https:\/\/www.youtube.com\/channel\/UCw5foWtcJvAbUm64rv7jwUQ\" rel=\"nofollow noopener\">YouTube<\/a>  profil\u0101 \u2013 pievienojies, lai uzzin\u0101tu svar\u012bg\u0101ko un interesant\u0101ko pirmais!<\/p>\n<p>Publik\u0101cijas saturs vai t\u0101s jebk\u0101da apjoma da\u013ca ir aizsarg\u0101ts autorties\u012bbu objekts Autorties\u012bbu likuma izpratn\u0113, un t\u0101 izmanto\u0161ana bez izdev\u0113ja at\u013caujas ir aizliegta. Vair\u0101k lasi  <a target=\"_blank\" href=\"https:\/\/www.delfi.lv\/noteikumi#autortiesibas\" rel=\"nofollow noopener\">\u0161eit<\/a><script async src=\"\/\/www.instagram.com\/embed.js\"><\/script><\/p>\n","protected":false},"excerpt":{"rendered":"Nacion\u0101l\u0101 hokeja l\u012bga (NHL) ir nopietni satraukta par Mil\u0101nas-Kort\u012bnas olimpisko sp\u0113\u013cu hokeja ar\u0113nas b\u016bvniec\u012bbas tempu un gatav\u012bbu, un&hellip;\n","protected":false},"author":2,"featured_media":47062,"comment_status":"","ping_status":"","sticky":false,"template":"","format":"standard","meta":{"footnotes":""},"categories":[17],"tags":[8299,35,39,38,36,37,34,40,8298,835,1500,67,8589],"class_list":{"0":"post-47061","1":"post","2":"type-post","3":"status-publish","4":"format-standard","5":"has-post-thumbnail","7":"category-sports","8":"tag-gerijs-betmens","9":"tag-latvia","10":"tag-latvian","11":"tag-latviesu","12":"tag-latviesu-valoda","13":"tag-latviesuvaloda","14":"tag-latvija","15":"tag-lv","16":"tag-milana-2026","17":"tag-nhl","18":"tag-olimpiskas-speles","19":"tag-sports","20":"tag-starptautiska-olimpiska-komiteja"},"share_on_mastodon":{"url":"https:\/\/pubeurope.com\/@lv\/115536691377534429","error":""},"_links":{"self":[{"href":"https:\/\/www.europesays.com\/lv\/wp-json\/wp\/v2\/posts\/47061","targetHints":{"allow":["GET"]}}],"collection":[{"href":"https:\/\/www.europesays.com\/lv\/wp-json\/wp\/v2\/posts"}],"about":[{"href":"https:\/\/www.europesays.com\/lv\/wp-json\/wp\/v2\/types\/post"}],"author":[{"embeddable":true,"href":"https:\/\/www.europesays.com\/lv\/wp-json\/wp\/v2\/users\/2"}],"replies":[{"embeddable":true,"href":"https:\/\/www.europesays.com\/lv\/wp-json\/wp\/v2\/comments?post=47061"}],"version-history":[{"count":0,"href":"https:\/\/www.europesays.com\/lv\/wp-json\/wp\/v2\/posts\/47061\/revisions"}],"wp:featuredmedia":[{"embeddable":true,"href":"https:\/\/www.europesays.com\/lv\/wp-json\/wp\/v2\/media\/47062"}],"wp:attachment":[{"href":"https:\/\/www.europesays.com\/lv\/wp-json\/wp\/v2\/media?parent=47061"}],"wp:term":[{"taxonomy":"category","embeddable":true,"href":"https:\/\/www.europesays.com\/lv\/wp-json\/wp\/v2\/categories?post=47061"},{"taxonomy":"post_tag","embeddable":true,"href":"https:\/\/www.europesays.com\/lv\/wp-json\/wp\/v2\/tags?post=47061"}],"curies":[{"name":"wp","href":"https:\/\/api.w.org\/{rel}","templated":true}]}}