{"id":47082,"date":"2025-11-12T12:37:07","date_gmt":"2025-11-12T12:37:07","guid":{"rendered":"https:\/\/www.europesays.com\/lv\/47082\/"},"modified":"2025-11-12T12:37:07","modified_gmt":"2025-11-12T12:37:07","slug":"jekabpili-atklaj-parbuveto-daugavas-aizsargdambi-jekabpils-laiks-jekabpils-zinas","status":"publish","type":"post","link":"https:\/\/www.europesays.com\/lv\/47082\/","title":{"rendered":"J\u0113kabpil\u012b atkl\u0101j p\u0101rb\u016bv\u0113to Daugavas aizsargdambi \/ J\u0113kabpils Laiks: J\u0113kabpils zi\u0146as"},"content":{"rendered":"<p>J\u0113kabpilie\u0161iem \u0161odien dubulti sv\u0113tki \u2013 L\u0101\u010dpl\u0113\u0161a dien\u0101 atkl\u0101ts rekonstru\u0113tais Daugavas aizsargdambis, kura p\u0101rb\u016bve ilga divus gadus.<\/p>\n<blockquote><p>&#13;<\/p>\n<p>\u201cJa dambis izgl\u0101ba m\u016bs 2023. gad\u0101, tad \u0161obr\u012bd m\u0113s esam izgl\u0101bu\u0161i dambi,\u201d saka J\u0113kabpils novada domes priek\u0161s\u0113d\u0113t\u0101js Raivis Ragainis. \u201c\u0160obr\u012bd tas nav vairs uzb\u0113rums, kas aizsarg\u0101ja no ledus, bet tas ir \u012bsts dambis.\u201d<\/p>\n<p>&#13;\n<\/p><\/blockquote>\n<p>2023. gada janv\u0101ra pl\u016bdos vi\u017e\u0146u masas un \u016bdens spiediena d\u0113\u013c uzb\u0113rums s\u0101ka brukt. Dien\u0101m un nakt\u012bm simtiem cilv\u0113ku str\u0101d\u0101ja, lai gl\u0101btu dambi un pils\u0113tu. Iedz\u012bvot\u0101ji joproj\u0101m atceras \u0161os pl\u016bdus.<\/p>\n<blockquote><p>&#13;<\/p>\n<p>\u201cM\u0113s redz\u0113j\u0101m \u2013 Daugava bija uzreiz aiz loga mums. Bija traki,\u201d atceras j\u0113kabpilietis Deniss. \u201cCer\u0113sim, ka tagad dambis pasarg\u0101s. Nezinu, cik godpr\u0101t\u012bgi str\u0101dnieki b\u016bs izdar\u012bju\u0161i savu darbu.\u201d<\/p>\n<p>&#13;\n<\/p><\/blockquote>\n<blockquote><p>&#13;<\/p>\n<p>\u201cEs pats dz\u012bvoju Daugavmal\u0101, un \u013coti labi, ka tas dambis uztais\u012bts,\u201d saka j\u0113kabpilietis Aivars. \u201cUn smuks ar\u012b dambis ir. Cerams, ka pasarg\u0101s no pl\u016bdiem.\u201d<\/p>\n<p>&#13;\n<\/p><\/blockquote>\n<p>Divu gadu laik\u0101 izb\u016bv\u0113tas pretpl\u016bdu sist\u0113mas un p\u0101rb\u016bv\u0113ta dambja konstrukcija. Zem virsk\u0101rtas ir vair\u0101ki stiprin\u0101juma sl\u0101\u0146i.<\/p>\n<blockquote><p>&#13;<\/p>\n<p>\u201cAptuveni metrs ar nefiltr\u0113jo\u0161u grunti, \u0123eotekstils, benton\u012bta pakl\u0101js, kas saskar\u0113 ar \u016bdeni izple\u0161as un veido ekr\u0101nu, kur\u0161 aiztur \u016bdeni. Un, protams, atkar\u012bb\u0101 no pils\u0113tas vietas \u2013 ir vai nu betona virsma, vai nu akme\u0146u kr\u0101vums,\u201d par dambja k\u0101rt\u0101m st\u0101sta SIA \u201cJ\u0113kabpils PMK\u201d b\u016bvdarbu vad\u012bt\u0101js J\u0101nis Dimants. Vi\u0146\u0161 uzsver, ka atkl\u0101\u0161anas br\u012bdis ir \u012bpa\u0161s, jo ieguld\u012bts \u013coti liels darbs. \u201c\u0160is noteikti bija sare\u017e\u0123\u012bt\u0101kais objekts gan man\u0101, gan ar\u012b uz\u0146\u0113muma v\u0113stur\u0113.\u201d<\/p>\n<p>&#13;\n<\/p><\/blockquote>\n<p>Objekt\u0101 ik dienu str\u0101d\u0101ja 70 l\u012bdz 100 cilv\u0113ku. Ar\u012b pa\u0161iem str\u0101dniekiem tagad ir lepnums par paveikto.<\/p>\n<blockquote><p>&#13;<\/p>\n<p>\u201cEs tur visu betonu esmu sal\u0113jis,\u201d st\u0101sta b\u016bvstr\u0101dnieks Josifs. \u201cR\u0101pties aug\u0161up pa \u0161\u012bm nog\u0101z\u0113m nebija tik vienk\u0101r\u0161i, bet izdar\u012bj\u0101m, uztais\u012bj\u0101m! Tagad ir pat\u012bkami pastaig\u0101ties.\u201d<\/p>\n<p>&#13;\n<\/p><\/blockquote>\n<p>Dambis k\u013cuvis ar\u012b par labiek\u0101rtotu atp\u016btas vietu, tom\u0113r p\u0101r projektu kr\u012bt aizdomu \u0113na. Apr\u012bl\u012b J\u0113kabpil\u012b tika veiktas krimin\u0101lprocesu\u0101l\u0101s darb\u012bbas aizdom\u0101s par iesp\u0113jamiem p\u0101rk\u0101pumiem b\u016bvdarbu iepirkum\u0101 un b\u016bvmateri\u0101lu kvalit\u0101t\u0113. Eiropas Prokurat\u016br\u0101 pla\u0161\u0101kus koment\u0101rus \u0161obr\u012bd nesniedz, jo notiek pirmstiesas izmekl\u0113\u0161ana.<\/p>\n<blockquote><p>&#13;<\/p>\n<p>\u201cNo pa\u0161vald\u012bbas puses p\u0113c 3. apr\u012b\u013ca neko neesam dzird\u0113ju\u0161i, redz\u0113ju\u0161i. Nav bijusi runa par kaut k\u0101du m\u0113r\u012bjumu vai p\u0101rbau\u017eu veik\u0161anu,\u201d uzsver J\u0113kabpils novada domes priek\u0161s\u0113d\u0113t\u0101ja vietnieks att\u012bst\u012bbas jaut\u0101jumos K\u0101rlis Stars.<\/p>\n<p>&#13;\n<\/p><\/blockquote>\n<p>Ar\u012b b\u016bvnieks nor\u0101da, ka nek\u0101di papildu dokumenti kop\u0161 pavasara neesot piepras\u012bti. Vienlaikus domes vad\u012bba uzsver, ka l\u012bdz \u0161im veiktaj\u0101s p\u0101rbaud\u0113s neatbilst\u012bbas neesot konstat\u0113tas.<\/p>\n<blockquote><p>&#13;<\/p>\n<p>\u201c\u0160ogad mums ir biju\u0161as p\u0101rbaudes, bija ar\u012b Finan\u0161u ministrijas p\u0101rbaude,\u201d skaidro K\u0101rlis Stars. \u201cTad, kad m\u0113s iesniegsim atskaites, brauks apsekot ar\u012b Centr\u0101l\u0101s finan\u0161u un l\u012bgumu a\u0123ent\u016bras ier\u0113d\u0146i.\u201d<\/p>\n<p>&#13;\n<\/p><\/blockquote>\n<p>Aizsargdambja p\u0101rb\u016bvi finans\u0113 Eiropas Re\u0123ion\u0101l\u0101s att\u012bst\u012bbas fonds, valsts un pa\u0161vald\u012bba. B\u016bvdarbu l\u012bgums \u2013 teju 17 miljoni eiro, ieskaitot PVN, ir d\u0101rg\u0101kais J\u0113kabpils v\u0113stur\u0113.<\/p>\n<p>Sandra Paeg\u013ckalne<\/p>\n<p>UZZI\u0145AI:<\/p>\n<p>Paveiktie darbi:<\/p>\n<ul>&#13;<\/p>\n<li>Daugavas kreis\u0101 krasta aizsargdambja p\u0101rb\u016bve 5,2 kilometru garum\u0101. Slapj\u0101 nog\u0101ze nostiprin\u0101ta ar hidrobetonu un dolom\u012bta akme\u0146u kr\u0101vumu. Veikta aizsargdambja aizsargsienu p\u0101rb\u016bve un izb\u016bve. P\u0101rb\u016bv\u0113ti in\u017eeniert\u012bkli un izb\u016bv\u0113ta dren\u0101\u017eas sist\u0113ma aizsargdambja sausaj\u0101 nog\u0101z\u0113. Izb\u016bv\u0113tas pretpl\u016bdu sist\u0113mas. P\u0101rb\u016bv\u0113tas eso\u0161\u0101s un izb\u016bv\u0113tas jaunas k\u0101pnes. Atjaunots P\u013cavi\u0146u ielas ce\u013ca segums. Izb\u016bv\u0113ts panduss un uzst\u0101d\u012bti labiek\u0101rtojuma elementi;<\/li>\n<p>&#13;<\/p>\n<li>Daugavas lab\u0101 krasta aizsargdambja p\u0101rb\u016bve 1,2 kilometru garum\u0101 \u2013 izb\u016bv\u0113tas pretpl\u016bdu sist\u0113mas;<\/li>\n<p>&#13;<\/p>\n<li>Izb\u016bv\u0113ta pretpl\u016bdu &#8220;za\u013c\u0101&#8221; un &#8220;zil\u0101&#8221; infrastrukt\u016bra \u2013 Daugavas kreis\u0101 krasta aizsargdambja slapjaj\u0101 nog\u0101z\u0113 izb\u016bv\u0113ti fitoremedi\u0101cijas lauki, mitrzeme un labiek\u0101rtota teritorija, lai cilv\u0113ki \u0161aj\u0101s viet\u0101s var\u0113tu ar\u012b pavad\u012bt savu br\u012bvo laiku.<\/li>\n<p>&#13;\n<\/ul>\n<p>B\u016bvdarbus veica \u0123ener\u0101luz\u0146\u0113m\u0113js SIA \u201eJ\u0113kabpils PMK\u201d (liel\u0101kie apak\u0161uz\u0146\u0113m\u0113ji SIA \u201cO\u0161ukalns\u201d un SIA \u201cVidzemes b\u016bvnieks\u201d), b\u016bvuzraudz\u012bbu nodro\u0161in\u0101ja SIA \u201cFirma L4\u201d, b\u016bvprojekta izstr\u0101di un autoruzraudz\u012bbu VSIA \u201cMeliorprojekts\u201d.<\/p>\n","protected":false},"excerpt":{"rendered":"J\u0113kabpilie\u0161iem \u0161odien dubulti sv\u0113tki \u2013 L\u0101\u010dpl\u0113\u0161a dien\u0101 atkl\u0101ts rekonstru\u0113tais Daugavas aizsargdambis, kura p\u0101rb\u016bve ilga divus gadus. &#13; \u201cJa&hellip;\n","protected":false},"author":2,"featured_media":47083,"comment_status":"","ping_status":"","sticky":false,"template":"","format":"standard","meta":{"footnotes":""},"categories":[12],"tags":[23,28,29,32,33,22,987,986,30,31,35,39,38,36,37,34,40,20,26,27,24,25,21],"class_list":{"0":"post-47082","1":"post","2":"type-post","3":"status-publish","4":"format-standard","5":"has-post-thumbnail","7":"category-latvija","8":"tag-aktualitates","9":"tag-breaking-news","10":"tag-breakingnews","11":"tag-featured-news","12":"tag-featurednews","13":"tag-headlines","14":"tag-jekabpils-zinas","15":"tag-jekabpilslaiks","16":"tag-latest-news","17":"tag-latestnews","18":"tag-latvia","19":"tag-latvian","20":"tag-latviesu","21":"tag-latviesu-valoda","22":"tag-latviesuvaloda","23":"tag-latvija","24":"tag-lv","25":"tag-news","26":"tag-popularakas-zinas","27":"tag-popularakaszinas","28":"tag-top-stories","29":"tag-topstories","30":"tag-zinas"},"share_on_mastodon":{"url":"https:\/\/pubeurope.com\/@lv\/115536766165939753","error":""},"_links":{"self":[{"href":"https:\/\/www.europesays.com\/lv\/wp-json\/wp\/v2\/posts\/47082","targetHints":{"allow":["GET"]}}],"collection":[{"href":"https:\/\/www.europesays.com\/lv\/wp-json\/wp\/v2\/posts"}],"about":[{"href":"https:\/\/www.europesays.com\/lv\/wp-json\/wp\/v2\/types\/post"}],"author":[{"embeddable":true,"href":"https:\/\/www.europesays.com\/lv\/wp-json\/wp\/v2\/users\/2"}],"replies":[{"embeddable":true,"href":"https:\/\/www.europesays.com\/lv\/wp-json\/wp\/v2\/comments?post=47082"}],"version-history":[{"count":0,"href":"https:\/\/www.europesays.com\/lv\/wp-json\/wp\/v2\/posts\/47082\/revisions"}],"wp:featuredmedia":[{"embeddable":true,"href":"https:\/\/www.europesays.com\/lv\/wp-json\/wp\/v2\/media\/47083"}],"wp:attachment":[{"href":"https:\/\/www.europesays.com\/lv\/wp-json\/wp\/v2\/media?parent=47082"}],"wp:term":[{"taxonomy":"category","embeddable":true,"href":"https:\/\/www.europesays.com\/lv\/wp-json\/wp\/v2\/categories?post=47082"},{"taxonomy":"post_tag","embeddable":true,"href":"https:\/\/www.europesays.com\/lv\/wp-json\/wp\/v2\/tags?post=47082"}],"curies":[{"name":"wp","href":"https:\/\/api.w.org\/{rel}","templated":true}]}}