{"id":47116,"date":"2025-11-12T13:15:14","date_gmt":"2025-11-12T13:15:14","guid":{"rendered":"https:\/\/www.europesays.com\/lv\/47116\/"},"modified":"2025-11-12T13:15:14","modified_gmt":"2025-11-12T13:15:14","slug":"merzlikins-pirmoreiz-sezona-izlaiz-divas-speles-pec-kartas-konkurents-kaldina-uzvaru","status":"publish","type":"post","link":"https:\/\/www.europesays.com\/lv\/47116\/","title":{"rendered":"Merz\u013cikins pirmoreiz sezon\u0101 izlai\u017e divas sp\u0113les p\u0113c k\u0101rtas, konkurents kaldina uzvaru"},"content":{"rendered":"<p>&#8220;Blue Jackets&#8221; izbraukum\u0101 bija p\u0101r\u0101ki ar 2:1 (0:1, 1:0, 0:0, 0:0, 2:1).<\/p>\n<p>Merz\u013cikins pirmo reizi sezon\u0101 laukum\u0101 nedev\u0101s div\u0101s sp\u0113l\u0113s p\u0113c k\u0101rtas, bet D\u017eets Gr\u012bvzs &#8220;Blue Jackets&#8221; v\u0101rtos atvair\u012bja 22 no 23 metieniem jeb 95,7% un tr\u012bs no \u010detriem p\u0113csp\u0113les metieniem.<\/p>\n<p>&#8220;Kraken&#8221; v\u0101rtsargs Metj\u016b Marejs tika gal\u0101 ar 33 no 34 rip\u0101m jeb 97,2% metienu.<\/p>\n<p>Pirmaj\u0101 period\u0101 m\u0101jiniekus vad\u012bb\u0101 izvirz\u012bja Raiens Vintertons, uz ko &#8220;Blue Jackets&#8221; otraj\u0101 tre\u0161da\u013c\u0101 atbild\u0113ja ar \u0100dama Fantilli g\u016btiem v\u0101rtiem vair\u0101kum\u0101.<\/p>\n<p>Pamatlaik\u0101 v\u0101rtsargi vairs netika p\u0101rsp\u0113ti, bet uzvar\u0113t\u0101ju noskaidro\u0161anas metienu s\u0113rij\u0101 uzvaras v\u0101rtus viesu lab\u0101 guva \u010c\u0101rlijs Koils.<\/p>\n<p>&#8220;Blue Jackets&#8221; ar 17 punktiem 16 sp\u0113l\u0113s ie\u0146em 14. vietu Austrumu konferenc\u0113 un n\u0101kamo sp\u0113li aizvad\u012bs nakt\u012b uz piektdienu p\u0113c Latvijas laika, sav\u0101 laukum\u0101 tiekoties ar Edmontonas &#8220;Oilers&#8221; hokejistiem.<\/p>\n<p>Tikm\u0113r zaud\u0113jumu piedz\u012bvoja Vank\u016bveras &#8220;Canucks&#8221; komanda, kurai joproj\u0101m savainojuma d\u0113\u013c nevar pal\u012bdz\u0113t latvie\u0161u uzbruc\u0113js Teodors B\u013cugers. T\u0101 sav\u0101 laukum\u0101 ar 3:5 (2:3, 0:0, 1:2) atzina Vinipegas &#8220;Jets&#8221; p\u0101r\u0101kumu, piedz\u012bvojot otro zaud\u0113jumu p\u0113c k\u0101rtas un tre\u0161o neveiksmi p\u0113d\u0113jos \u010detros ma\u010dos.<\/p>\n<p>B\u013cugers traumu d\u0113\u013c \u0161osezon aizvad\u012bjis tikai divas sp\u0113les, kur\u0101s izc\u0113lies ar vienu v\u0101rtu guvumu.<\/p>\n<p>Vank\u016bveras vien\u012bba ar 17 punktiem 18 sp\u0113l\u0113s <a href=\"https:\/\/www.apollo.lv\/term\/10077\/nhl\" class=\"topicLink\" target=\"_blank\" rel=\"nofollow noopener\">NHL<\/a> Rietumu konferenc\u0113 ie\u0146em 13. poz\u012bciju un n\u0101kamo sp\u0113li aizvad\u012bs nakt\u012b uz sestdienu p\u0113c Latvijas laika, kad viesos tiksies ar Karol\u012bnas &#8220;Hurricanes&#8221; hokejistiem.<\/p>\n","protected":false},"excerpt":{"rendered":"&#8220;Blue Jackets&#8221; izbraukum\u0101 bija p\u0101r\u0101ki ar 2:1 (0:1, 1:0, 0:0, 0:0, 2:1). Merz\u013cikins pirmo reizi sezon\u0101 laukum\u0101 nedev\u0101s&hellip;\n","protected":false},"author":2,"featured_media":47117,"comment_status":"","ping_status":"","sticky":false,"template":"","format":"standard","meta":{"footnotes":""},"categories":[17],"tags":[1436,836,838,394,721,35,39,38,36,37,34,40,835,67],"class_list":{"0":"post-47116","1":"post","2":"type-post","3":"status-publish","4":"format-standard","5":"has-post-thumbnail","7":"category-sports","8":"tag-elvis-merzlikins","9":"tag-hokeja-jaunumi","10":"tag-hokejisti-arzemes","11":"tag-hokejs","12":"tag-hokejs-pasaule","13":"tag-latvia","14":"tag-latvian","15":"tag-latviesu","16":"tag-latviesu-valoda","17":"tag-latviesuvaloda","18":"tag-latvija","19":"tag-lv","20":"tag-nhl","21":"tag-sports"},"share_on_mastodon":{"url":"https:\/\/pubeurope.com\/@lv\/115536915567273771","error":""},"_links":{"self":[{"href":"https:\/\/www.europesays.com\/lv\/wp-json\/wp\/v2\/posts\/47116","targetHints":{"allow":["GET"]}}],"collection":[{"href":"https:\/\/www.europesays.com\/lv\/wp-json\/wp\/v2\/posts"}],"about":[{"href":"https:\/\/www.europesays.com\/lv\/wp-json\/wp\/v2\/types\/post"}],"author":[{"embeddable":true,"href":"https:\/\/www.europesays.com\/lv\/wp-json\/wp\/v2\/users\/2"}],"replies":[{"embeddable":true,"href":"https:\/\/www.europesays.com\/lv\/wp-json\/wp\/v2\/comments?post=47116"}],"version-history":[{"count":0,"href":"https:\/\/www.europesays.com\/lv\/wp-json\/wp\/v2\/posts\/47116\/revisions"}],"wp:featuredmedia":[{"embeddable":true,"href":"https:\/\/www.europesays.com\/lv\/wp-json\/wp\/v2\/media\/47117"}],"wp:attachment":[{"href":"https:\/\/www.europesays.com\/lv\/wp-json\/wp\/v2\/media?parent=47116"}],"wp:term":[{"taxonomy":"category","embeddable":true,"href":"https:\/\/www.europesays.com\/lv\/wp-json\/wp\/v2\/categories?post=47116"},{"taxonomy":"post_tag","embeddable":true,"href":"https:\/\/www.europesays.com\/lv\/wp-json\/wp\/v2\/tags?post=47116"}],"curies":[{"name":"wp","href":"https:\/\/api.w.org\/{rel}","templated":true}]}}