{"id":47153,"date":"2025-11-12T13:48:09","date_gmt":"2025-11-12T13:48:09","guid":{"rendered":"https:\/\/www.europesays.com\/lv\/47153\/"},"modified":"2025-11-12T13:48:09","modified_gmt":"2025-11-12T13:48:09","slug":"modes-maksliniece-iveta-vecmane-radijusi-savu-pirmo-aromatu","status":"publish","type":"post","link":"https:\/\/www.europesays.com\/lv\/47153\/","title":{"rendered":"Modes m\u0101ksliniece Iveta Vecmane rad\u012bjusi savu pirmo arom\u0101tu"},"content":{"rendered":"<p>Latvie\u0161u modes z\u012bmols Iveta Vecmane, kas pla\u0161\u0101k paz\u012bstams ar savu lakonisko, sievietes sp\u0113ku akcent\u0113jo\u0161o t\u0113rpu est\u0113tiku, \u0161osezon sper soli \u0101rpus materi\u0101l\u0101s formas, pied\u0101v\u0101jot savu pirmo arom\u0101tu. Arom\u0101ts IV rad\u012bts k\u0101 dab\u012bgs turpin\u0101jums z\u012bmola garderobes arhitektonikai \u2013 no silueta un l\u012bnij\u0101m uz saj\u016btu un kl\u0101tb\u016btnes telpu. Smar\u017eas IV b\u016bs pieejamas limit\u0113t\u0101 skait\u0101, s\u0101kot no 12. decembra.<\/p>\n<p>Arom\u0101ts IV atkl\u0101j \u0101du t\u0101s maig\u0101kaj\u0101 form\u0101 \u2013 k\u0101 tum\u0161u zam\u0161\u0101du, kas saglab\u0101 piesk\u0101riena siltumu.Samtainais m\u012bkstums atsp\u012bd klusin\u0101t\u0101 gaism\u0101, glu\u017ei k\u0101 bordo diegs, kas caurau\u017e melno virsmu. Ziedu atbl\u0101zma padzi\u013cina t\u0113lu, pie\u0161\u0137irot tam intimit\u0101ti un smalku, teju \u0137ermenisku jutekliskumu. T\u0101 ir elegance ar dz\u012bv\u012bbas elpu un izsmalcin\u0101tu gaismu \u0113nas iek\u0161ien\u0113.<\/p>\n<p>&#8220;\u0160is ir p\u0101rejas ce\u013c\u0161 no redzam\u0101 uz saj\u016btamu. Tas ir z\u012bmola paraksts smar\u017eas form\u0101: klusin\u0101ta grezn\u012bba, laikmet\u012bgs miers un sievietes sp\u0113ks, kas nav j\u0101izr\u0101da \u2013 tas vienk\u0101r\u0161i ir. Arom\u0101ts veido telpu ap sevi k\u0101 nevainojami darin\u0101ts melns audums \u2013 attur\u012bgi, p\u0101rliecino\u0161i, neatk\u0101rtojami,&#8221; st\u0101sta z\u012bmola rad\u012bt\u0101ja un dizainere Iveta Vecmane.<\/p>\n<p>Arom\u0101ts IV rad\u012bts sadarb\u012bb\u0101 ar Al\u012bnu Grinpauku \u2013 m\u0101kslinieci un neatkar\u012bgu parf\u012bmeri, kura p\u0113ta smar\u017euk\u0101 valodu un v\u0113st\u012bjuma formu. Al\u012bna apguvusi parf\u012bmeriju Pratt Institute \u0145ujork\u0101 un Institute for Art and Olfaction un veido smar\u017eas m\u0101kslas projektiem, izst\u0101d\u0113m, telp\u0101m un individu\u0101liem pas\u016bt\u012bjumiem \u2013 tur, kur arom\u0101ts k\u013c\u016bst par koncepta, kl\u0101tb\u016btnes un atmosf\u0113ras da\u013cu. Vi\u0146as darbi ir int\u012bmi, dzi\u013ci un reiz\u0113m provokat\u012bvi jutek\u013cu pieredz\u0113jumi, kuros smar\u017ea iziet \u0101rpus flakona, p\u0101rtopot par notikumu. Vi\u0146as praks\u0113 noz\u012bm\u012bga ir smalkuma izj\u016bta un centieni papla\u0161in\u0101t izpratni par smar\u017eu k\u0101 m\u0101kslas formu.<\/p>\n<p>Arom\u0101ta kop\u0113jais noska\u0146ojums ir silti juteklisks, klusin\u0101ti dzi\u013c\u0161 un nep\u0101rprotami sievi\u0161\u0137\u012bgs. <\/p>\n<p><img decoding=\"async\" src=\"https:\/\/www.europesays.com\/lv\/wp-content\/uploads\/2025\/11\/bddc9bef6c6bcf11f4f28ab07eca6572.png\" title=\"Foto: ekr\u0101nuz\u0146\u0113mums no 1188play\/ Instagram\" alt=\"Foto: ekr\u0101nuz\u0146\u0113mums no 1188play\/ Instagram\"\/><\/p>\n<p class=\"article-img-desc\">Foto: ekr\u0101nuz\u0146\u0113mums no 1188play\/ Instagram<\/p>\n","protected":false},"excerpt":{"rendered":"Latvie\u0161u modes z\u012bmols Iveta Vecmane, kas pla\u0161\u0101k paz\u012bstams ar savu lakonisko, sievietes sp\u0113ku akcent\u0113jo\u0161o t\u0113rpu est\u0113tiku, \u0161osezon sper&hellip;\n","protected":false},"author":2,"featured_media":47154,"comment_status":"","ping_status":"","sticky":false,"template":"","format":"standard","meta":{"footnotes":""},"categories":[19],"tags":[129,12868,89,90,35,39,38,36,37,34,40,13066,13067],"class_list":{"0":"post-47153","1":"post","2":"type-post","3":"status-publish","4":"format-standard","5":"has-post-thumbnail","7":"category-izklaide","8":"tag-__typenameadvicekeyword","9":"tag-id71","10":"tag-entertainment","11":"tag-izklaide","12":"tag-latvia","13":"tag-latvian","14":"tag-latviesu","15":"tag-latviesu-valoda","16":"tag-latviesuvaloda","17":"tag-latvija","18":"tag-lv","19":"tag-slugskaistums","20":"tag-titleskaistums"},"share_on_mastodon":{"url":"https:\/\/pubeurope.com\/@lv\/115537045440844049","error":""},"_links":{"self":[{"href":"https:\/\/www.europesays.com\/lv\/wp-json\/wp\/v2\/posts\/47153","targetHints":{"allow":["GET"]}}],"collection":[{"href":"https:\/\/www.europesays.com\/lv\/wp-json\/wp\/v2\/posts"}],"about":[{"href":"https:\/\/www.europesays.com\/lv\/wp-json\/wp\/v2\/types\/post"}],"author":[{"embeddable":true,"href":"https:\/\/www.europesays.com\/lv\/wp-json\/wp\/v2\/users\/2"}],"replies":[{"embeddable":true,"href":"https:\/\/www.europesays.com\/lv\/wp-json\/wp\/v2\/comments?post=47153"}],"version-history":[{"count":0,"href":"https:\/\/www.europesays.com\/lv\/wp-json\/wp\/v2\/posts\/47153\/revisions"}],"wp:featuredmedia":[{"embeddable":true,"href":"https:\/\/www.europesays.com\/lv\/wp-json\/wp\/v2\/media\/47154"}],"wp:attachment":[{"href":"https:\/\/www.europesays.com\/lv\/wp-json\/wp\/v2\/media?parent=47153"}],"wp:term":[{"taxonomy":"category","embeddable":true,"href":"https:\/\/www.europesays.com\/lv\/wp-json\/wp\/v2\/categories?post=47153"},{"taxonomy":"post_tag","embeddable":true,"href":"https:\/\/www.europesays.com\/lv\/wp-json\/wp\/v2\/tags?post=47153"}],"curies":[{"name":"wp","href":"https:\/\/api.w.org\/{rel}","templated":true}]}}