{"id":47184,"date":"2025-11-12T14:22:16","date_gmt":"2025-11-12T14:22:16","guid":{"rendered":"https:\/\/www.europesays.com\/lv\/47184\/"},"modified":"2025-11-12T14:22:16","modified_gmt":"2025-11-12T14:22:16","slug":"izskan-apsudzibas-fifa-vadibai-par-centieniem-nomasket-futbolistu-parslodzes-problemas","status":"publish","type":"post","link":"https:\/\/www.europesays.com\/lv\/47184\/","title":{"rendered":"Izskan aps\u016bdz\u012bbas FIFA vad\u012bbai par centieniem nomask\u0113t futbolistu p\u0101rslodzes probl\u0113mas"},"content":{"rendered":"<p>Starptautisk\u0101 Futbola feder\u0101ciju asoci\u0101cija (<a rel=\"noopener nofollow\" target=\"_blank\" href=\"https:\/\/www.delfi.lv\/temas\/35205685\/fifa\" tag-id=\"35205685\">FIFA<\/a>) tiek aps\u016bdz\u0113ta ne\u0113tisk\u0101 r\u012bc\u012bb\u0101, apzin\u0101ti sadarbojoties ar &#8220;viltus arodbiedr\u012bb\u0101m&#8221;, lai apietu \u012bstos un starptautiski atz\u012btos sp\u0113l\u0113t\u0101ju p\u0101rst\u0101vjus. \u0160\u0101das aps\u016bdz\u012bbas izteikusi pasaules sp\u0113l\u0113t\u0101ju arodbiedr\u012bba FIFPro, kas p\u0101rst\u0101v vair\u0101k nek\u0101 66 t\u016bksto\u0161us profesion\u0101lu futbolistu vis\u0101 pasaul\u0113, raksta BBC.<\/p>\n<p>&#8220;FIFA rada sev draudz\u012bgas organiz\u0101cijas, ar kur\u0101m konsult\u0113jas, nevis sadarbojas ar re\u0101liem, atz\u012btiem sp\u0113l\u0113t\u0101ju p\u0101rst\u0101vjiem,&#8221; teikts FIFPro pazi\u0146ojum\u0101. Organiz\u0101cija nor\u0101da, ka l\u012bdz\u012bgas taktikas FIFA izmantojot ar\u012b attiec\u012bb\u0101s ar futbola a\u0123entiem un l\u012bdzjut\u0113ju organiz\u0101cij\u0101m, radot satrauco\u0161u paraugu, kur tiek apiets neatkar\u012bgas balss sp\u0113ks.<\/p>\n<p>Skand\u0101ls uzliesmoja p\u0113c tam, kad FIFA ned\u0113\u013cas nogal\u0113 Marokas galvaspils\u0113t\u0101 Rab\u0101t\u0101 pazi\u0146oja par virkni jaunu iniciat\u012bvu sp\u0113l\u0113t\u0101ju labkl\u0101j\u012bbas jom\u0101, ta\u010du FIFPro uz \u0161o san\u0101ksmi netika pat uzaicin\u0101ta.<\/p>\n<p>FIFA inform\u0113ja, ka Rab\u0101tas san\u0101ksm\u0113 piedal\u012bju\u0161ies 30 nacion\u0101lo sp\u0113l\u0113t\u0101ju arodbiedr\u012bbu p\u0101rst\u0101vji un FIFA izveidot\u0101 &#8220;Players\u2019 Voice&#8221; padome, kur\u0101 ietilpst biju\u0161ie futbolisti. T\u0101s laik\u0101 pie\u0146emti vair\u0101ki l\u0113mumi, piem\u0113ram, par jaunas konsultat\u012bv\u0101s platformas izveidi un minim\u0101lo atp\u016btas periodu noteik\u0161anu (vismaz 72 stundas starp sp\u0113l\u0113m un 21 dienu starp sezon\u0101m).<\/p>\n<p>&#8220;M\u0113s esam ap\u0146\u0113m\u012bbas pilni uzlabot sp\u0113l\u0113t\u0101ju labkl\u0101j\u012bbu un darba apst\u0101k\u013cus vis\u0101 pasaul\u0113, ievie\u0161ot konkr\u0113tus un noz\u012bm\u012bgus pas\u0101kumus n\u0101kotnes futbolam,&#8221; pazi\u0146oja FIFA prezidents <a rel=\"noopener nofollow\" target=\"_blank\" href=\"https:\/\/www.delfi.lv\/temas\/55361116\/dzanni-infantino\" tag-id=\"55361116\">D\u017eanni Infant\u012bno<\/a>.<\/p>\n<p>Tom\u0113r FIFPro uzskata, ka \u0161is pazi\u0146ojums ir tikai sabiedrisko attiec\u012bbu triks, jo galven\u0101 starptautisk\u0101 sp\u0113l\u0113t\u0101ju organiz\u0101cija, FIFPro, nav pat pieaicin\u0101ta pie sarunu galda. Turkl\u0101t FIFA tagad run\u0101 par &#8220;sp\u0113l\u0113t\u0101ju labkl\u0101j\u012bbas fondu&#8221;, kuru abas puses jau reiz bija izveidoju\u0161as, l\u012bdz FIFA to vienpus\u0113ji likvid\u0113ja 2022. gad\u0101.<\/p>\n<p>Futbolistu vesel\u012bbas jaut\u0101jums p\u0113d\u0113jos gados k\u013c\u016bst arvien aktu\u0101l\u0101ks. FIFPro jau oktobr\u012b iesniedza tiesas pras\u012bbu pret FIFA, nor\u0101dot, ka p\u0101rlieku saspringtais sp\u0113\u013cu kalend\u0101rs apdraud sportistu vesel\u012bbu un karjeru.<\/p>\n<p>\u0160\u012b nav pirm\u0101 reize, kad FIFA tiek kritiz\u0113ta par caursp\u012bd\u012bguma tr\u016bkumu. L\u012bdz\u012bga sp\u0113l\u0113t\u0101ju labkl\u0101j\u012bbas san\u0101ksme \u0161ovasar notika \u0145ujork\u0101 tie\u0161i pirms Klubu Pasaules kausa fin\u0101la, kas tika papla\u0161in\u0101ts no septi\u0146\u0101m l\u012bdz 32 komand\u0101m. Ar\u012b toreiz FIFPro netika uzaicin\u0101ta.<\/p>\n<p>Tikm\u0113r FIFA turpina run\u0101t par &#8220;v\u0113sturisku ap\u0146em\u0161anos&#8221; aizsarg\u0101t futbolistus, ta\u010du nozares p\u0101rst\u0101vji to uztver ar aizdom\u0101m. Sp\u0113l\u0113t\u0101ju p\u0101rslodze, traumu pieaugums un nebeidzamie turn\u012bri k\u013c\u016bst par centr\u0101lo tematu pasaules futbol\u0101.<\/p>\n<p class=\"m-0\">Seko &#8220;Delfi&#8221; ar\u012b  <a target=\"_blank\" href=\"https:\/\/www.instagram.com\/delfi.lv\/\" rel=\"nofollow noopener\">Instagram<\/a>  un <a target=\"_blank\" href=\"https:\/\/www.youtube.com\/channel\/UCw5foWtcJvAbUm64rv7jwUQ\" rel=\"nofollow noopener\">YouTube<\/a>  profil\u0101 \u2013 pievienojies, lai uzzin\u0101tu svar\u012bg\u0101ko un interesant\u0101ko pirmais!<\/p>\n<p>Publik\u0101cijas saturs vai t\u0101s jebk\u0101da apjoma da\u013ca ir aizsarg\u0101ts autorties\u012bbu objekts Autorties\u012bbu likuma izpratn\u0113, un t\u0101 izmanto\u0161ana bez izdev\u0113ja at\u013caujas ir aizliegta. Vair\u0101k lasi  <a target=\"_blank\" href=\"https:\/\/www.delfi.lv\/noteikumi#autortiesibas\" rel=\"nofollow noopener\">\u0161eit<\/a><script async src=\"\/\/www.instagram.com\/embed.js\"><\/script><\/p>\n","protected":false},"excerpt":{"rendered":"Starptautisk\u0101 Futbola feder\u0101ciju asoci\u0101cija (FIFA) tiek aps\u016bdz\u0113ta ne\u0113tisk\u0101 r\u012bc\u012bb\u0101, apzin\u0101ti sadarbojoties ar &#8220;viltus arodbiedr\u012bb\u0101m&#8221;, lai apietu \u012bstos un&hellip;\n","protected":false},"author":2,"featured_media":47185,"comment_status":"","ping_status":"","sticky":false,"template":"","format":"standard","meta":{"footnotes":""},"categories":[17],"tags":[2687,2684,35,39,38,36,37,34,40,2560,67],"class_list":{"0":"post-47184","1":"post","2":"type-post","3":"status-publish","4":"format-standard","5":"has-post-thumbnail","7":"category-sports","8":"tag-dzanni-infantino","9":"tag-fifa","10":"tag-latvia","11":"tag-latvian","12":"tag-latviesu","13":"tag-latviesu-valoda","14":"tag-latviesuvaloda","15":"tag-latvija","16":"tag-lv","17":"tag-pasaules-kauss","18":"tag-sports"},"share_on_mastodon":{"url":"https:\/\/pubeurope.com\/@lv\/115537179016773854","error":""},"_links":{"self":[{"href":"https:\/\/www.europesays.com\/lv\/wp-json\/wp\/v2\/posts\/47184","targetHints":{"allow":["GET"]}}],"collection":[{"href":"https:\/\/www.europesays.com\/lv\/wp-json\/wp\/v2\/posts"}],"about":[{"href":"https:\/\/www.europesays.com\/lv\/wp-json\/wp\/v2\/types\/post"}],"author":[{"embeddable":true,"href":"https:\/\/www.europesays.com\/lv\/wp-json\/wp\/v2\/users\/2"}],"replies":[{"embeddable":true,"href":"https:\/\/www.europesays.com\/lv\/wp-json\/wp\/v2\/comments?post=47184"}],"version-history":[{"count":0,"href":"https:\/\/www.europesays.com\/lv\/wp-json\/wp\/v2\/posts\/47184\/revisions"}],"wp:featuredmedia":[{"embeddable":true,"href":"https:\/\/www.europesays.com\/lv\/wp-json\/wp\/v2\/media\/47185"}],"wp:attachment":[{"href":"https:\/\/www.europesays.com\/lv\/wp-json\/wp\/v2\/media?parent=47184"}],"wp:term":[{"taxonomy":"category","embeddable":true,"href":"https:\/\/www.europesays.com\/lv\/wp-json\/wp\/v2\/categories?post=47184"},{"taxonomy":"post_tag","embeddable":true,"href":"https:\/\/www.europesays.com\/lv\/wp-json\/wp\/v2\/tags?post=47184"}],"curies":[{"name":"wp","href":"https:\/\/api.w.org\/{rel}","templated":true}]}}