{"id":47208,"date":"2025-11-12T14:39:08","date_gmt":"2025-11-12T14:39:08","guid":{"rendered":"https:\/\/www.europesays.com\/lv\/47208\/"},"modified":"2025-11-12T14:39:08","modified_gmt":"2025-11-12T14:39:08","slug":"izzinota-ineses-galantes-krasna-svetku-koncerta-ziemassvetku-preludija-programma","status":"publish","type":"post","link":"https:\/\/www.europesays.com\/lv\/47208\/","title":{"rendered":"Izzi\u0146ota Ineses Galantes kr\u0101\u0161\u0146\u0101 sv\u0113tku koncerta &#8220;Ziemassv\u0113tku prel\u016bdija&#8221; programma"},"content":{"rendered":"<p>6. decembr\u012b plkst. 19 R\u012bgas Doma majest\u0101tiskaj\u0101s velv\u0113s&#13;<br \/>\nizskan\u0113s viens no gada gaid\u012bt\u0101kajiem muzik\u0101lajiem notikumiem &#8211; pasaulslaven\u0101s&#13;<br \/>\noperd\u012bvas Ineses Galantes \u201cZiemassv\u0113tku prel\u016bdija\u201d. \u0160aj\u0101 vakar\u0101 uz skatuves&#13;<br \/>\nsatiksies atz\u012bti Latvijas m\u0101kslinieki, lai d\u0101v\u0101tu klaus\u012bt\u0101jiem \u012bpa\u0161o&#13;<br \/>\nZiemassv\u0113tku noska\u0146u.<\/p>\n<p>Ar\u012b \u0161ogad \u201cZiemassv\u0113tku prel\u016bdija\u201d apvienos ne vien da\u017e\u0101dus&#13;<br \/>\nvok\u0101l\u0101s un instrument\u0101l\u0101s m\u016bzikas \u017eanrus, bet ar\u012b pied\u0101v\u0101s spo\u017eus duetus, trio&#13;<br \/>\nun citus muzik\u0101lus p\u0101rsteigumus. Koncert\u0101 skan\u0113s izcilas \u0101rijas, aizkustino\u0161as&#13;<br \/>\nneapolie\u0161u dziesmas, valdzin\u0101juma pilnus gregoriskos dzied\u0101jumus un citus&#13;<br \/>\npasaules m\u016bzikas \u0161edevrus, kas rad\u012bs c\u0113lu un svin\u012bgu noska\u0146u. \u0160is \u012bpa\u0161ais pas\u0101kums&#13;<br \/>\nk\u013c\u016bs par patiesu Ziemassv\u0113tku burv\u012bbu un vienu no gai\u0161\u0101kajiem gada nogales&#13;<br \/>\nnotikumiem.<\/p>\n<p>Koncerta programm\u0101 izskan\u0113s Kamila Sen-Sansa, Georga&#13;<br \/>\nFr\u012bdriha Hende\u013ca, Tomazo Albino\u0146i, Fran\u010da \u0160\u016bberta un D\u017eulio Ka\u010d\u012bni ska\u0146darbi,&#13;<br \/>\nkurus izpild\u012bs izcilie m\u0101kslinieki \u2013 le\u0123end\u0101rais komponists, pianists un&#13;<br \/>\n\u0113r\u0123elnieks Aivars Kal\u0113js, izteiksm\u012bgais kontrtenors Sergejs J\u0113gers un&#13;<br \/>\npasaulslaven\u0101 operd\u012bva Inese Galante. Latvijas Nacion\u0101l\u0101s operas vado\u0161ie&#13;<br \/>\nsolisti Inna Klo\u010dko un Artjoms Safronovs atska\u0146os Francisa Pulenka, Pjetro&#13;<br \/>\nMaskanji un Ernesto de Kurtisa m\u016bziku. Klavieru pavad\u012bjumu sp\u0113l\u0113s talant\u012bgais&#13;<br \/>\npianists, daudzu m\u016bzikas konkursu laure\u0101ts Aleksandrs Kal\u0113js.<\/p>\n<p>Uz skatuves k\u0101ps ar\u012b Ineses Galantes talantu konkursa&#13;<br \/>\nlaure\u0101ti \u2013 spo\u017e\u0101 akordeoniste Anastasija Zubova un marimbas virtuozs Reinis&#13;<br \/>\nTomi\u0146\u0161. Koncerta kulmin\u0101cij\u0101 uzst\u0101sies J\u0101zepa Medi\u0146a R\u012bgas 1. m\u016bzikas skolas&#13;<br \/>\nz\u0113nu koris diri\u0123enta Rom\u0101na Vanaga vad\u012bb\u0101, atska\u0146ojot Endrj\u016b Loida V\u0113bera,&#13;<br \/>\nJ\u0101zepa V\u012btola, Sez\u0101ra Franka m\u016bziku, k\u0101 ar\u012b slaveno gregorisko dzied\u0101jumu&#13;<br \/>\n\u201cVeni, veni Emmanuel\u201d un Franca Ksavjera Gr\u016bbera \u201cKlusa nakts, sv\u0113ta nakts\u201d.<\/p>\n<p>\u201cZiemassv\u0113tku prel\u016bdijas\u201d apmekl\u0113t\u0101ji baud\u012bs \u012bpa\u0161u sv\u0113tku&#13;<br \/>\ngaisotni R\u012bgas Doma v\u0113sturiskaj\u0101, majest\u0101tiskaj\u0101 vid\u0113, kur m\u016bzik\u0101lie \u0161edevri&#13;<br \/>\npiepild\u012bs klaus\u012bt\u0101ju sirdis ar gaismu un mieru. \u0160aj\u0101 vakar\u0101 R\u012bgas Doma gotisko&#13;<br \/>\ntelpu pasakain\u0101 noska\u0146\u0101 p\u0101rv\u0113rt\u012bs dinamiskas gaismas instal\u0101cijas, kas&#13;<br \/>\nharmoniski saskan\u0113s ar muzik\u0101lo programmu un rad\u012bs neaizmirstamu Ziemassv\u0113tku&#13;<br \/>\natmosf\u0113ru.<\/p>\n<p>\u201cZiemassv\u0113tku prel\u016bdija\u201d ir viens no neaizmirstam\u0101kajiem&#13;<br \/>\nR\u012bgas kult\u016bras dz\u012bves notikumiem \u2013 koncerts, kuru nedr\u012bkst palaist gar\u0101m&#13;<br \/>\nneviens m\u016bzikas cien\u012bt\u0101js.<\/p>\n<p>Bi\u013ctetes nop\u0113rkamas <a target=\"_blank\" href=\"https:\/\/www.bilesuparadize.lv\/lv\/event\/157185\" rel=\"nofollow noopener\">&#8220;Bi\u013ce\u0161u parad\u012bze&#8221; t\u012bkl\u0101<\/a>.<\/p>\n","protected":false},"excerpt":{"rendered":"6. decembr\u012b plkst. 19 R\u012bgas Doma majest\u0101tiskaj\u0101s velv\u0113s&#13; izskan\u0113s viens no gada gaid\u012bt\u0101kajiem muzik\u0101lajiem notikumiem &#8211; pasaulslaven\u0101s&#13; operd\u012bvas&hellip;\n","protected":false},"author":2,"featured_media":47209,"comment_status":"","ping_status":"","sticky":false,"template":"","format":"standard","meta":{"footnotes":""},"categories":[19],"tags":[129,5377,13075,2944,289,89,90,35,39,38,36,37,34,40,13076,5378,290,6138,13077,5379,291,6139],"class_list":{"0":"post-47208","1":"post","2":"type-post","3":"status-publish","4":"format-standard","5":"has-post-thumbnail","7":"category-izklaide","8":"tag-__typenameadvicekeyword","9":"tag-id143","10":"tag-id1781","11":"tag-id457","12":"tag-id931","13":"tag-entertainment","14":"tag-izklaide","15":"tag-latvia","16":"tag-latvian","17":"tag-latviesu","18":"tag-latviesu-valoda","19":"tag-latviesuvaloda","20":"tag-latvija","21":"tag-lv","22":"tag-sluginese-galante","23":"tag-slugkoncerti","24":"tag-slugkultura","25":"tag-slugpasakumi","26":"tag-titleinese-galante","27":"tag-titlekoncerti","28":"tag-titlekultura","29":"tag-titlepasakumi"},"share_on_mastodon":{"url":"https:\/\/pubeurope.com\/@lv\/115537245891421085","error":""},"_links":{"self":[{"href":"https:\/\/www.europesays.com\/lv\/wp-json\/wp\/v2\/posts\/47208","targetHints":{"allow":["GET"]}}],"collection":[{"href":"https:\/\/www.europesays.com\/lv\/wp-json\/wp\/v2\/posts"}],"about":[{"href":"https:\/\/www.europesays.com\/lv\/wp-json\/wp\/v2\/types\/post"}],"author":[{"embeddable":true,"href":"https:\/\/www.europesays.com\/lv\/wp-json\/wp\/v2\/users\/2"}],"replies":[{"embeddable":true,"href":"https:\/\/www.europesays.com\/lv\/wp-json\/wp\/v2\/comments?post=47208"}],"version-history":[{"count":0,"href":"https:\/\/www.europesays.com\/lv\/wp-json\/wp\/v2\/posts\/47208\/revisions"}],"wp:featuredmedia":[{"embeddable":true,"href":"https:\/\/www.europesays.com\/lv\/wp-json\/wp\/v2\/media\/47209"}],"wp:attachment":[{"href":"https:\/\/www.europesays.com\/lv\/wp-json\/wp\/v2\/media?parent=47208"}],"wp:term":[{"taxonomy":"category","embeddable":true,"href":"https:\/\/www.europesays.com\/lv\/wp-json\/wp\/v2\/categories?post=47208"},{"taxonomy":"post_tag","embeddable":true,"href":"https:\/\/www.europesays.com\/lv\/wp-json\/wp\/v2\/tags?post=47208"}],"curies":[{"name":"wp","href":"https:\/\/api.w.org\/{rel}","templated":true}]}}