{"id":47222,"date":"2025-11-12T15:08:27","date_gmt":"2025-11-12T15:08:27","guid":{"rendered":"https:\/\/www.europesays.com\/lv\/47222\/"},"modified":"2025-11-12T15:08:27","modified_gmt":"2025-11-12T15:08:27","slug":"amerikanu-sapnis-daudziem-ir-izsapnots-kadel-nujorka-par-meru-ieveleja-socialistu","status":"publish","type":"post","link":"https:\/\/www.europesays.com\/lv\/47222\/","title":{"rendered":"&#8220;Amerik\u0101\u0146u sapnis daudziem ir izsap\u0146ots&#8221; \u2013 k\u0101d\u0113\u013c \u0145ujork\u0101 par m\u0113ru iev\u0113l\u0113ja soci\u0101listu?"},"content":{"rendered":"<p>\u0145ujork\u0101 dz\u012bves d\u0101rdz\u012bba ir milz\u012bga. Daudzi, sevi\u0161\u0137i gados jauni cilv\u0113ki, nevar at\u013cauties ne nopirkt, ne pat no\u012br\u0113t dz\u012bvokli. T\u0101d\u0113\u013c jauns, harizm\u0101tisks politi\u0137is, kur\u0161, proti ar cilv\u0113kiem run\u0101t &#8220;soci\u0101lo t\u012bklu valod\u0101&#8221; un sola radik\u0101las p\u0101rmai\u0146as, tostarp \u012bres maksu iesald\u0113\u0161anu un bezmaksas sabiedrisko transportu, v\u0113l\u0113t\u0101jiem tur \u0161\u0137iet saisto\u0161s. Sevi\u0161\u0137i uz par sevi divreiz vec\u0101ku un skand\u0101lu m\u0101ktu konkurentu fona. T\u0101 \u0101rpolitikas p\u0113tnieki M\u0101ris And\u017e\u0101ns un Sandis \u0160r\u0101ders raid\u012bjum\u0101 &#8220;Komandcentrs&#8221; v\u0113rt\u0113ja soci\u0101lista Zohrana Mamdani iev\u0113l\u0113\u0161anu pils\u0113tas m\u0113ra amat\u0101.<\/p>\n<p class=\"m-0\">Seko &#8220;Delfi&#8221; ar\u012b  <a target=\"_blank\" href=\"https:\/\/www.instagram.com\/delfi.lv\/\" rel=\"nofollow noopener\">Instagram<\/a>  un <a target=\"_blank\" href=\"https:\/\/www.youtube.com\/channel\/UCw5foWtcJvAbUm64rv7jwUQ\" rel=\"nofollow noopener\">YouTube<\/a>  profil\u0101 \u2013 pievienojies, lai uzzin\u0101tu svar\u012bg\u0101ko un interesant\u0101ko pirmais!<\/p>\n<p>Publik\u0101cijas saturs vai t\u0101s jebk\u0101da apjoma da\u013ca ir aizsarg\u0101ts autorties\u012bbu objekts Autorties\u012bbu likuma izpratn\u0113, un t\u0101 izmanto\u0161ana bez izdev\u0113ja at\u013caujas ir aizliegta. Vair\u0101k lasi  <a target=\"_blank\" href=\"https:\/\/www.delfi.lv\/noteikumi#autortiesibas\" rel=\"nofollow noopener\">\u0161eit<\/a><script async src=\"\/\/www.instagram.com\/embed.js\"><\/script><\/p>\n","protected":false},"excerpt":{"rendered":"\u0145ujork\u0101 dz\u012bves d\u0101rdz\u012bba ir milz\u012bga. Daudzi, sevi\u0161\u0137i gados jauni cilv\u0113ki, nevar at\u013cauties ne nopirkt, ne pat no\u012br\u0113t dz\u012bvokli.&hellip;\n","protected":false},"author":2,"featured_media":47223,"comment_status":"","ping_status":"","sticky":false,"template":"","format":"standard","meta":{"footnotes":""},"categories":[14],"tags":[23,57,3483,292,13079,28,29,5728,32,33,22,13034,30,31,35,39,38,36,37,34,40,1710,20,880,4955,26,27,5328,24,25,358,54,55,56,21,58],"class_list":{"0":"post-47222","1":"post","2":"type-post","3":"status-publish","4":"format-standard","5":"has-post-thumbnail","7":"category-zinas-no-arvalstim","8":"tag-aktualitates","9":"tag-arvalstim","10":"tag-arzemes","11":"tag-asv","12":"tag-bernijs-sanderss","13":"tag-breaking-news","14":"tag-breakingnews","15":"tag-delfi-plus","16":"tag-featured-news","17":"tag-featurednews","18":"tag-headlines","19":"tag-komandcentrs","20":"tag-latest-news","21":"tag-latestnews","22":"tag-latvia","23":"tag-latvian","24":"tag-latviesu","25":"tag-latviesu-valoda","26":"tag-latviesuvaloda","27":"tag-latvija","28":"tag-lv","29":"tag-maris-andzans","30":"tag-news","31":"tag-nujorka","32":"tag-par-aktualo","33":"tag-popularakas-zinas","34":"tag-popularakaszinas","35":"tag-tiktok","36":"tag-top-stories","37":"tag-topstories","38":"tag-venecuela","39":"tag-world","40":"tag-world-news","41":"tag-worldnews","42":"tag-zinas","43":"tag-zinas-no-arvalstim"},"share_on_mastodon":{"url":"","error":"Validation failed: Text character limit of 500 exceeded"},"_links":{"self":[{"href":"https:\/\/www.europesays.com\/lv\/wp-json\/wp\/v2\/posts\/47222","targetHints":{"allow":["GET"]}}],"collection":[{"href":"https:\/\/www.europesays.com\/lv\/wp-json\/wp\/v2\/posts"}],"about":[{"href":"https:\/\/www.europesays.com\/lv\/wp-json\/wp\/v2\/types\/post"}],"author":[{"embeddable":true,"href":"https:\/\/www.europesays.com\/lv\/wp-json\/wp\/v2\/users\/2"}],"replies":[{"embeddable":true,"href":"https:\/\/www.europesays.com\/lv\/wp-json\/wp\/v2\/comments?post=47222"}],"version-history":[{"count":0,"href":"https:\/\/www.europesays.com\/lv\/wp-json\/wp\/v2\/posts\/47222\/revisions"}],"wp:featuredmedia":[{"embeddable":true,"href":"https:\/\/www.europesays.com\/lv\/wp-json\/wp\/v2\/media\/47223"}],"wp:attachment":[{"href":"https:\/\/www.europesays.com\/lv\/wp-json\/wp\/v2\/media?parent=47222"}],"wp:term":[{"taxonomy":"category","embeddable":true,"href":"https:\/\/www.europesays.com\/lv\/wp-json\/wp\/v2\/categories?post=47222"},{"taxonomy":"post_tag","embeddable":true,"href":"https:\/\/www.europesays.com\/lv\/wp-json\/wp\/v2\/tags?post=47222"}],"curies":[{"name":"wp","href":"https:\/\/api.w.org\/{rel}","templated":true}]}}