{"id":47257,"date":"2025-11-12T15:43:08","date_gmt":"2025-11-12T15:43:08","guid":{"rendered":"https:\/\/www.europesays.com\/lv\/47257\/"},"modified":"2025-11-12T15:43:08","modified_gmt":"2025-11-12T15:43:08","slug":"spice-home-rekonstrukcija-ieguldis-11-miljonus-eiro-dienas-bizness","status":"publish","type":"post","link":"https:\/\/www.europesays.com\/lv\/47257\/","title":{"rendered":"Spice Home rekonstrukcij\u0101 ieguld\u012bs 11 miljonus eiro :: Dienas Bizness"},"content":{"rendered":"<p class=\"text-font font-size--text-xlarge margin-3--bottom font-weight--bold padding-1--top\">Uzs\u0101kta tirdzniec\u012bbas centra \u201cSpice Home\u201d rekonstrukcija, kas paredz b\u016btiskas p\u0101rmai\u0146as centra pl\u0101nojum\u0101 un interjera atjauno\u0161anu.<\/p>\n<p class=\"text-font font-size--text-xlarge margin-3--bottom\">Projekta ietvaros tiks p\u0101rb\u016bv\u0113ta 12 000 m2 plat\u012bba, un kop\u0113j\u0101s invest\u012bcijas sasniegs 11 miljonus eiro.<\/p>\n<p class=\"text-font font-size--text-xlarge margin-3--bottom\">Rekonstrukcijas darbi norisin\u0101sies, nep\u0101rtraucot centra darb\u012bbu.<\/p>\n<p class=\"text-font font-size--text-xlarge margin-3--bottom\">\u201cTirdzniec\u012bbas centrs ir novecojis un tam ir nepiecie\u0161amas p\u0101rmai\u0146as. Rekonstrukcijas gait\u0101 \u201cSpice Home\u201d ieg\u016bs modernu interjeru un pilnveidotu veikalu kl\u0101stu, kas atbilst pirc\u0113ju m\u016bsdienu vajadz\u012bb\u0101m,\u201d saka \u201cSpice\u201d un \u201cSpice Home\u201d vad\u012bt\u0101ja Iveta Pried\u012bte.<\/p>\n<p class=\"text-font font-size--text-xlarge margin-3--bottom\">\u201cSpice Home\u201d jaunais att\u012bst\u012bbas posms s\u0101k\u0101s jau gada vid\u016b, kad tirdzniec\u012bbas centr\u0101 tika atv\u0113rts modern\u0101kais \u201cDecathlon\u201d veikals Baltij\u0101. Savuk\u0101rt mobilit\u0101tes uzlabo\u0161anai pie tirdzniec\u012bbas centra ir izb\u016bv\u0113ts jauns st\u0101vlaukums un ier\u012bkotas velosip\u0113du novietnes. Izveidots ar\u012b moderns sporta laukums akt\u012bvai atp\u016btai, br\u012bv\u0101 laika pavad\u012b\u0161anai un sporta ekip\u0113juma izm\u0113\u0123in\u0101\u0161anai tuv\u0113j\u0101s apkaimes iedz\u012bvot\u0101jiem.<\/p>\n<p class=\"text-font font-size--text-xlarge margin-3--bottom\">Rekonstrukcijas laik\u0101 tiks p\u0101rvietota B ieeja. T\u0101pat tiks p\u0101rb\u016bv\u0113ti eskalatori un lifti, uzlabojot piek\u013cuvi otr\u0101 st\u0101va veikaliem, uzst\u0101d\u012btas energoefekt\u012bv\u0101kas gaisa apmai\u0146as sist\u0113mas un apgaismojums. Tiks papla\u0161in\u0101tas labier\u012bc\u012bbas, izveidota \u0123imenes istaba, k\u0101 ar\u012b atjaunots tirdzniec\u012bbas centra interjers un fas\u0101de.<\/p>\n<p class=\"text-font font-size--text-xlarge margin-3--bottom\">P\u0101rb\u016bves darbi tiks veikti pak\u0101peniski, nodro\u0161inot tirdzniec\u012bbas centra nep\u0101rtrauktu darb\u012bbu un visu pakalpojumu pieejam\u012bbu apmekl\u0113t\u0101jiem. Projekta gait\u0101 pak\u0101peniski tiks atv\u0113rti jauni veikali, un jau 17. novembr\u012b centra pied\u0101v\u0101jumu papildin\u0101s veikals visai \u0123imenei \u2013 \u201cSinsay\u201d.<\/p>\n<p class=\"text-font font-size--text-xlarge margin-3--bottom\">Tirdzniec\u012bbas centra rekonstrukciju pl\u0101nots pabeigt 2027. gada 1. ceturksn\u012b.<\/p>\n<p>Skat\u012bties p\u0101r\u0113jos att\u0113lus<\/p>\n","protected":false},"excerpt":{"rendered":"Uzs\u0101kta tirdzniec\u012bbas centra \u201cSpice Home\u201d rekonstrukcija, kas paredz b\u016btiskas p\u0101rmai\u0146as centra pl\u0101nojum\u0101 un interjera atjauno\u0161anu. Projekta ietvaros tiks&hellip;\n","protected":false},"author":2,"featured_media":47258,"comment_status":"","ping_status":"","sticky":false,"template":"","format":"standard","meta":{"footnotes":""},"categories":[16],"tags":[869,77,870,76,867,35,39,38,36,37,34,871,868,40,21],"class_list":{"0":"post-47257","1":"post","2":"type-post","3":"status-publish","4":"format-standard","5":"has-post-thumbnail","7":"category-bizness","8":"tag-biznesa-zinas","9":"tag-bizness","10":"tag-bizness-latvija","11":"tag-business","12":"tag-dienas-zinas","13":"tag-latvia","14":"tag-latvian","15":"tag-latviesu","16":"tag-latviesu-valoda","17":"tag-latviesuvaloda","18":"tag-latvija","19":"tag-latvijas-biznesa-zinas","20":"tag-latvijas-zinas","21":"tag-lv","22":"tag-zinas"},"share_on_mastodon":{"url":"https:\/\/pubeurope.com\/@lv\/115537497476992955","error":""},"_links":{"self":[{"href":"https:\/\/www.europesays.com\/lv\/wp-json\/wp\/v2\/posts\/47257","targetHints":{"allow":["GET"]}}],"collection":[{"href":"https:\/\/www.europesays.com\/lv\/wp-json\/wp\/v2\/posts"}],"about":[{"href":"https:\/\/www.europesays.com\/lv\/wp-json\/wp\/v2\/types\/post"}],"author":[{"embeddable":true,"href":"https:\/\/www.europesays.com\/lv\/wp-json\/wp\/v2\/users\/2"}],"replies":[{"embeddable":true,"href":"https:\/\/www.europesays.com\/lv\/wp-json\/wp\/v2\/comments?post=47257"}],"version-history":[{"count":0,"href":"https:\/\/www.europesays.com\/lv\/wp-json\/wp\/v2\/posts\/47257\/revisions"}],"wp:featuredmedia":[{"embeddable":true,"href":"https:\/\/www.europesays.com\/lv\/wp-json\/wp\/v2\/media\/47258"}],"wp:attachment":[{"href":"https:\/\/www.europesays.com\/lv\/wp-json\/wp\/v2\/media?parent=47257"}],"wp:term":[{"taxonomy":"category","embeddable":true,"href":"https:\/\/www.europesays.com\/lv\/wp-json\/wp\/v2\/categories?post=47257"},{"taxonomy":"post_tag","embeddable":true,"href":"https:\/\/www.europesays.com\/lv\/wp-json\/wp\/v2\/tags?post=47257"}],"curies":[{"name":"wp","href":"https:\/\/api.w.org\/{rel}","templated":true}]}}