{"id":47287,"date":"2025-11-12T16:09:08","date_gmt":"2025-11-12T16:09:08","guid":{"rendered":"https:\/\/www.europesays.com\/lv\/47287\/"},"modified":"2025-11-12T16:09:08","modified_gmt":"2025-11-12T16:09:08","slug":"kada-ir-bernu-parasporta-popularitate-latvija-lr1-latvijas-radio","status":"publish","type":"post","link":"https:\/\/www.europesays.com\/lv\/47287\/","title":{"rendered":"K\u0101da ir b\u0113rnu parasporta popularit\u0101te Latvij\u0101? \/ LR1 \/ \/ Latvijas Radio"},"content":{"rendered":"<p><a href=\"https:\/\/mapp.latvijasradio.lv\/shared-broadcast?b=127&amp;url=http:\/\/latvijasradio.lsm.lv\/lv\/lr1\/raidijumi\/gimenes-studija\/\" target=\"_blank\" rel=\"nofollow noopener\"><img decoding=\"async\" alt=\"Latvijas Radio lietotnes logo\" src=\"https:\/\/www.europesays.com\/lv\/wp-content\/uploads\/2025\/11\/1762963748_354_LR_pod poga.png\" style=\"width: 140px; height: 38px;\"\/><\/a><\/p>\n<p>Raid\u012bjuma skan\u0113\u0161anas laik\u0101 aicin\u0101m s\u016bt\u012bt Whatsapp zi\u0146as uz numuru 25660440.<\/p>\n<p>Iesildoties labdar\u012bbas maratonam &#8220;Dod pieci!&#8221;, \u0122imenes studij\u0101 saruna par to, cik izplat\u012bta ir b\u0113rnu parasporta kust\u012bba Latvij\u0101, kas, kur un k\u0101 ar to nodarbojas, un ko \u0161\u0101das aktivit\u0101tes sniedz b\u0113rniem?<\/p>\n<p>Par to saruna studij\u0101 kop\u0101 ar B\u0113rnu kl\u012bnisk\u0101s universit\u0101tes slimn\u012bcas sertific\u0113tu fizik\u0101l\u0101s un rehabilit\u0101cijas medic\u012bnas \u0101rsti Alisu Beikirhi, B\u0113rnu un jaunie\u0161u parasporta apvien\u012bbas prezidenti, Eiropas Paralimpisk\u0101s komitejas viceprezidenti Nata\u013cju Novikovu un parasportistu, ar\u012b Latvijas Lepnumu Frici Gustavu Alliku.<\/p>\n<p>Ieteikt<\/p>\n<p>    Latvijas Radio aicina izteikt savu viedokli par raid\u012bjum\u0101 dzird\u0113to un atbalsta diskusijas klaus\u012bt\u0101ju starp\u0101, tom\u0113r patur ties\u012bbas dz\u0113st koment\u0101rus, kas p\u0101rk\u0101pj cie\u0146pilnas attieksmes un \u0113tiskas r\u012bc\u012bbas robe\u017eas.<a name=\"comments\"\/><\/p>\n","protected":false},"excerpt":{"rendered":"Raid\u012bjuma skan\u0113\u0161anas laik\u0101 aicin\u0101m s\u016bt\u012bt Whatsapp zi\u0146as uz numuru 25660440. Iesildoties labdar\u012bbas maratonam &#8220;Dod pieci!&#8221;, \u0122imenes studij\u0101 saruna&hellip;\n","protected":false},"author":2,"featured_media":47288,"comment_status":"","ping_status":"","sticky":false,"template":"","format":"standard","meta":{"footnotes":""},"categories":[16],"tags":[77,76,35,39,38,36,37,34,40],"class_list":{"0":"post-47287","1":"post","2":"type-post","3":"status-publish","4":"format-standard","5":"has-post-thumbnail","7":"category-bizness","8":"tag-bizness","9":"tag-business","10":"tag-latvia","11":"tag-latvian","12":"tag-latviesu","13":"tag-latviesu-valoda","14":"tag-latviesuvaloda","15":"tag-latvija","16":"tag-lv"},"share_on_mastodon":{"url":"https:\/\/pubeurope.com\/@lv\/115537599786205344","error":""},"_links":{"self":[{"href":"https:\/\/www.europesays.com\/lv\/wp-json\/wp\/v2\/posts\/47287","targetHints":{"allow":["GET"]}}],"collection":[{"href":"https:\/\/www.europesays.com\/lv\/wp-json\/wp\/v2\/posts"}],"about":[{"href":"https:\/\/www.europesays.com\/lv\/wp-json\/wp\/v2\/types\/post"}],"author":[{"embeddable":true,"href":"https:\/\/www.europesays.com\/lv\/wp-json\/wp\/v2\/users\/2"}],"replies":[{"embeddable":true,"href":"https:\/\/www.europesays.com\/lv\/wp-json\/wp\/v2\/comments?post=47287"}],"version-history":[{"count":0,"href":"https:\/\/www.europesays.com\/lv\/wp-json\/wp\/v2\/posts\/47287\/revisions"}],"wp:featuredmedia":[{"embeddable":true,"href":"https:\/\/www.europesays.com\/lv\/wp-json\/wp\/v2\/media\/47288"}],"wp:attachment":[{"href":"https:\/\/www.europesays.com\/lv\/wp-json\/wp\/v2\/media?parent=47287"}],"wp:term":[{"taxonomy":"category","embeddable":true,"href":"https:\/\/www.europesays.com\/lv\/wp-json\/wp\/v2\/categories?post=47287"},{"taxonomy":"post_tag","embeddable":true,"href":"https:\/\/www.europesays.com\/lv\/wp-json\/wp\/v2\/tags?post=47287"}],"curies":[{"name":"wp","href":"https:\/\/api.w.org\/{rel}","templated":true}]}}