{"id":47292,"date":"2025-11-12T16:14:08","date_gmt":"2025-11-12T16:14:08","guid":{"rendered":"https:\/\/www.europesays.com\/lv\/47292\/"},"modified":"2025-11-12T16:14:08","modified_gmt":"2025-11-12T16:14:08","slug":"premjerligas-pastarites-wolverhampton-wanderers-vadiba-uzticeta-edvardsam","status":"publish","type":"post","link":"https:\/\/www.europesays.com\/lv\/47292\/","title":{"rendered":"Premjerl\u012bgas pastar\u012btes \u201cWolverhampton Wanderers\u201d vad\u012bba uztic\u0113ta Edvardsam"},"content":{"rendered":"<p>Savulaik Edvardss laika posm\u0101 no 2004. l\u012bdz 2008. gadam \u201cWolverhampton Wanderers\u201d rind\u0101s aizvad\u012bja 100 ma\u010dus.<\/p>\n<p>Pag\u0101ju\u0161aj\u0101 ned\u0113\u013c\u0101 no \u201cWolverhampton Wanderers\u201d galven\u0101 trenera amata <a href=\"https:\/\/tv3.lv\/sports\/futbols\/wolverhampton-wanderers-no-galvena-trenera-amata-atbrivo-pereiru\/?utm_source=copy_link&amp;utm_medium=social&amp;utm_campaign=share_buttons\" rel=\"nofollow noopener\" target=\"_blank\">tika atbr\u012bvots Vitors Pereira<\/a>, kur\u0161 kluba vad\u012bbu p\u0101r\u0146\u0113ma pag\u0101ju\u0161\u0101 gada decembr\u012b un pal\u012bdz\u0113ja vien\u012bbai izvair\u012bties no izkri\u0161anas no Premjerl\u012bgas.<\/p>\n<p>Septembr\u012b vi\u0146\u0161 tika atalgots ar tr\u012bs gadu l\u012bgumu.<\/p>\n<p>\u201cWanderers\u201d Premjerl\u012bgas sezonas pirmaj\u0101s 11 sp\u0113l\u0113s cietusi devi\u0146us zaud\u0113jumus un divreiz sp\u0113l\u0113jusi neiz\u0161\u0137irti. No neizkri\u0161anas zonas t\u0101 atpaliek jau par asto\u0146iem punktiem.<\/p>\n<blockquote class=\"twitter-tweet\" data-width=\"550\" data-dnt=\"true\">\n<p lang=\"en\" dir=\"ltr\">Welcome back, Rob Edwards \ud83d\udc3a<\/p>\n<p>\ud83d\uddde\ufe0f <a href=\"https:\/\/t.co\/wev3xlkSk0\" rel=\"nofollow\">https:\/\/t.co\/wev3xlkSk0<\/a> <a href=\"https:\/\/t.co\/ayefCHi64R\" rel=\"nofollow\">pic.twitter.com\/ayefCHi64R<\/a><\/p>\n<p>\u2014 Wolves (@Wolves) <a href=\"https:\/\/twitter.com\/Wolves\/status\/1988610567955968444?ref_src=twsrc%5Etfw\" rel=\"nofollow noopener\" target=\"_blank\">November 12, 2025<\/a><\/p>\n<\/blockquote>\n<p>Skaties Anglijas Premjerl\u012bgas sp\u0113les <a href=\"https:\/\/go3.lv\/categories\/premierleague,category-6886315?utm_source=tv3.lv&amp;utm_medium=local&amp;utm_campaign=premierleague\" target=\"_blank\" rel=\"noopener nofollow\">Go3 telev\u012bzij\u0101<\/a>!<\/p>\n<p class=\"tv3-fw-500\">Zi\u0146o par k\u013c\u016bdu rakst\u0101<\/p>\n<p class=\"d-md-block d-none\">Iez\u012bm\u0113 k\u013c\u016bdaino tekstu un spied Ctrl+Enter.<\/p>\n<p class=\"d-md-none d-block\">Iez\u012bm\u0113 k\u013c\u016bdaino tekstu un zi\u0146o par to!<\/p>\n<p>                <script async src=\"https:\/\/platform.twitter.com\/widgets.js\" charset=\"utf-8\"><\/script><\/p>\n","protected":false},"excerpt":{"rendered":"Savulaik Edvardss laika posm\u0101 no 2004. l\u012bdz 2008. gadam \u201cWolverhampton Wanderers\u201d rind\u0101s aizvad\u012bja 100 ma\u010dus. Pag\u0101ju\u0161aj\u0101 ned\u0113\u013c\u0101 no&hellip;\n","protected":false},"author":2,"featured_media":47293,"comment_status":"","ping_status":"","sticky":false,"template":"","format":"standard","meta":{"footnotes":""},"categories":[17],"tags":[13099,35,39,38,36,37,34,40,67],"class_list":{"0":"post-47292","1":"post","2":"type-post","3":"status-publish","4":"format-standard","5":"has-post-thumbnail","7":"category-sports","8":"tag-anglijas-premjerliga","9":"tag-latvia","10":"tag-latvian","11":"tag-latviesu","12":"tag-latviesu-valoda","13":"tag-latviesuvaloda","14":"tag-latvija","15":"tag-lv","16":"tag-sports"},"share_on_mastodon":{"url":"https:\/\/pubeurope.com\/@lv\/115537619602742638","error":""},"_links":{"self":[{"href":"https:\/\/www.europesays.com\/lv\/wp-json\/wp\/v2\/posts\/47292","targetHints":{"allow":["GET"]}}],"collection":[{"href":"https:\/\/www.europesays.com\/lv\/wp-json\/wp\/v2\/posts"}],"about":[{"href":"https:\/\/www.europesays.com\/lv\/wp-json\/wp\/v2\/types\/post"}],"author":[{"embeddable":true,"href":"https:\/\/www.europesays.com\/lv\/wp-json\/wp\/v2\/users\/2"}],"replies":[{"embeddable":true,"href":"https:\/\/www.europesays.com\/lv\/wp-json\/wp\/v2\/comments?post=47292"}],"version-history":[{"count":0,"href":"https:\/\/www.europesays.com\/lv\/wp-json\/wp\/v2\/posts\/47292\/revisions"}],"wp:featuredmedia":[{"embeddable":true,"href":"https:\/\/www.europesays.com\/lv\/wp-json\/wp\/v2\/media\/47293"}],"wp:attachment":[{"href":"https:\/\/www.europesays.com\/lv\/wp-json\/wp\/v2\/media?parent=47292"}],"wp:term":[{"taxonomy":"category","embeddable":true,"href":"https:\/\/www.europesays.com\/lv\/wp-json\/wp\/v2\/categories?post=47292"},{"taxonomy":"post_tag","embeddable":true,"href":"https:\/\/www.europesays.com\/lv\/wp-json\/wp\/v2\/tags?post=47292"}],"curies":[{"name":"wp","href":"https:\/\/api.w.org\/{rel}","templated":true}]}}