{"id":47363,"date":"2025-11-12T18:03:08","date_gmt":"2025-11-12T18:03:08","guid":{"rendered":"https:\/\/www.europesays.com\/lv\/47363\/"},"modified":"2025-11-12T18:03:08","modified_gmt":"2025-11-12T18:03:08","slug":"laurim-reinikam-smags-bridis-muziba-aizsaukts-tuvs-draugs-lente-lv","status":"publish","type":"post","link":"https:\/\/www.europesays.com\/lv\/47363\/","title":{"rendered":"Laurim Reinikam smags br\u012bdis: m\u016b\u017e\u012bb\u0101 aizsaukts tuvs draugs\u00a0\u2014\u00a0Lente.lv"},"content":{"rendered":"<p>Lauris Reiniks saskaras ar dzi\u013c\u0101m s\u0113r\u0101m p\u0113c tuva drauga pa\u0161n\u0101v\u012bbas<\/p>\n<p>Latvijas m\u016bzikas un telev\u012bzijas pasaul\u0113 \u0161obr\u012bd valda skumjas. Popul\u0101rais dzied\u0101t\u0101js un TV person\u012bba Lauris Reiniks piedz\u012bvo \u012bpa\u0161i s\u0101p\u012bgu un smagu laiku, jo vi\u0146a dz\u012bv\u0113 noticis tra\u0123isks notikums \u2013 pa\u0161n\u0101v\u012bbu izdar\u012bjis k\u0101ds vi\u0146am \u013coti tuvs draugs. \u0160\u012b zi\u0146a ir satricin\u0101jusi ne tikai Reinika, bet ar\u012b daudzu vi\u0146a talanta cien\u012bt\u0101ju sirdis.<\/p>\n<p>Atbalsta noz\u012bme kr\u012bzes br\u012b\u017eos<\/p>\n<p>\u0160\u0101dos br\u012b\u017eos, kad cilv\u0113ks saskaras ar tik dzi\u013cu zaud\u0113jumu un emocion\u0101lu s\u0101pi, atbalsts no apk\u0101rt\u0113jiem k\u013c\u016bst nenov\u0113rt\u0113jams. Drauga zaud\u0113jums pa\u0161n\u0101v\u012bbas d\u0113\u013c ir \u012bpa\u0161i smags, jo tas bie\u017ei vien atst\u0101j jaut\u0101jumus, vainas saj\u016btu un neizpratni. Sabiedr\u012bbas un tuvinieku kl\u0101tb\u016btne, sapratne un l\u012bdzj\u016bt\u012bba var pal\u012bdz\u0113t p\u0101rdz\u012bvot \u0161o gr\u016bto posmu. Lai gan publiskais sektors bie\u017ei vien ir pak\u013cauts kritikai, \u0161obr\u012bd svar\u012bg\u0101kais ir stiprin\u0101t savstarp\u0113jo atbalstu un emp\u0101tiju.<\/p>\n<p>Rei\u0146ika publiskais t\u0113ls un priv\u0101t\u0101 dz\u012bve<\/p>\n<p>Lauris Reiniks ir paz\u012bstams ar savu ener\u0123isko un pozit\u012bvo imid\u017eu, ko vi\u0146\u0161 alla\u017e demonstr\u0113jis gan uz skatuves, gan ekr\u0101n\u0101. Vi\u0146a sp\u0113ja saskat\u012bt labo un iedvesmot citus ir iekarojusi daudzu sirdis. Tom\u0113r \u0161is tra\u0123iskais notikums atg\u0101dina, ka ar\u012b sabiedr\u012bb\u0101 zin\u0101mi cilv\u0113ki ir tikai cilv\u0113ki, kuri sp\u0113j izjust dzi\u013cas s\u0101pes un saskarties ar person\u012bg\u0101m kr\u012bz\u0113m, kas var b\u016bt tikpat smagas k\u0101 jebkuram citam.<\/p>\n<p>Sabiedr\u012bbas loma un cie\u0146a pret s\u0113r\u0101m<\/p>\n<p>\u0160is notikums liek aizdom\u0101ties par sabiedr\u012bbas attieksmi pret gar\u012bg\u0101s vesel\u012bbas probl\u0113m\u0101m un pa\u0161n\u0101v\u012bb\u0101m. Bie\u017ei vien par \u0161\u012bm t\u0113m\u0101m run\u0101jam ar skepsi vai neizpratni, ta\u010du ir svar\u012bgi atcer\u0113ties, ka aiz katras pa\u0161n\u0101v\u012bbas sl\u0113pjas dzi\u013c\u0161 un s\u0101p\u012bgs st\u0101sts. \u0160obr\u012bd vissvar\u012bg\u0101kais ir sniegt Lauri Reinikam un vi\u0146a tuviniekiem nepiecie\u0161amo telpu un mieru s\u0113ro\u0161anai, vienlaikus apliecinot savu atbalstu un l\u012bdzj\u016bt\u012bbu ar diskr\u0113tiem un cie\u0146pilniem veidiem. Publisk\u0101s personas ir pak\u013cautas pastiprin\u0101tai uzman\u012bbai, ta\u010du s\u0113r\u0101s ir svar\u012bgi respekt\u0113t vi\u0146u priv\u0101tumu un \u013caut vi\u0146iem p\u0101rdz\u012bvot zaud\u0113jumu bez lieka spiediena.<\/p>\n<p>Atg\u0101din\u0101jums par dz\u012bves v\u0113rt\u012bbu<\/p>\n<p>Drauga zaud\u0113jums ir skarbs atg\u0101din\u0101jums par dz\u012bves trauslumu un t\u0101s neprognoz\u0113jam\u012bbu. \u0160\u0101dos br\u012b\u017eos cilv\u0113ki bie\u017ei p\u0101rdom\u0101 savas dz\u012bves priorit\u0101tes, attiec\u012bbas un to, cik svar\u012bgi ir nov\u0113rt\u0113t katru mirkli un cilv\u0113kus sev apk\u0101rt. Cerams, ka Lauris Reiniks atrad\u012bs sp\u0113ku un atbalstu, lai p\u0101rdz\u012bvotu \u0161o \u013coti gr\u016bto laiku, un ka \u0161is notikums kalpos k\u0101 atg\u0101din\u0101jums mums visiem par nepiecie\u0161am\u012bbu r\u016bp\u0113ties par savu un apk\u0101rt\u0113jo gar\u012bgo vesel\u012bbu.<\/p>\n","protected":false},"excerpt":{"rendered":"Lauris Reiniks saskaras ar dzi\u013c\u0101m s\u0113r\u0101m p\u0113c tuva drauga pa\u0161n\u0101v\u012bbas Latvijas m\u016bzikas un telev\u012bzijas pasaul\u0113 \u0161obr\u012bd valda skumjas.&hellip;\n","protected":false},"author":2,"featured_media":47364,"comment_status":"","ping_status":"","sticky":false,"template":"","format":"standard","meta":{"footnotes":""},"categories":[19],"tags":[7134,13108,89,90,35,39,38,36,37,34,12443,40,7351,13109],"class_list":{"0":"post-47363","1":"post","2":"type-post","3":"status-publish","4":"format-standard","5":"has-post-thumbnail","7":"category-izklaide","8":"tag-atbalsts","9":"tag-drauga-zaudejums","10":"tag-entertainment","11":"tag-izklaide","12":"tag-latvia","13":"tag-latvian","14":"tag-latviesu","15":"tag-latviesu-valoda","16":"tag-latviesuvaloda","17":"tag-latvija","18":"tag-lauris-reiniks","19":"tag-lv","20":"tag-pasnaviba","21":"tag-seras"},"share_on_mastodon":{"url":"https:\/\/pubeurope.com\/@lv\/115538048027624948","error":""},"_links":{"self":[{"href":"https:\/\/www.europesays.com\/lv\/wp-json\/wp\/v2\/posts\/47363","targetHints":{"allow":["GET"]}}],"collection":[{"href":"https:\/\/www.europesays.com\/lv\/wp-json\/wp\/v2\/posts"}],"about":[{"href":"https:\/\/www.europesays.com\/lv\/wp-json\/wp\/v2\/types\/post"}],"author":[{"embeddable":true,"href":"https:\/\/www.europesays.com\/lv\/wp-json\/wp\/v2\/users\/2"}],"replies":[{"embeddable":true,"href":"https:\/\/www.europesays.com\/lv\/wp-json\/wp\/v2\/comments?post=47363"}],"version-history":[{"count":0,"href":"https:\/\/www.europesays.com\/lv\/wp-json\/wp\/v2\/posts\/47363\/revisions"}],"wp:featuredmedia":[{"embeddable":true,"href":"https:\/\/www.europesays.com\/lv\/wp-json\/wp\/v2\/media\/47364"}],"wp:attachment":[{"href":"https:\/\/www.europesays.com\/lv\/wp-json\/wp\/v2\/media?parent=47363"}],"wp:term":[{"taxonomy":"category","embeddable":true,"href":"https:\/\/www.europesays.com\/lv\/wp-json\/wp\/v2\/categories?post=47363"},{"taxonomy":"post_tag","embeddable":true,"href":"https:\/\/www.europesays.com\/lv\/wp-json\/wp\/v2\/tags?post=47363"}],"curies":[{"name":"wp","href":"https:\/\/api.w.org\/{rel}","templated":true}]}}