{"id":4738,"date":"2025-09-25T12:55:09","date_gmt":"2025-09-25T12:55:09","guid":{"rendered":"https:\/\/www.europesays.com\/lv\/4738\/"},"modified":"2025-09-25T12:55:09","modified_gmt":"2025-09-25T12:55:09","slug":"video-%e2%9f%a9-ukrainas-dronu-uzlidojums-izraisa-ugunsgreku-belorecenskas-rupnica","status":"publish","type":"post","link":"https:\/\/www.europesays.com\/lv\/4738\/","title":{"rendered":"VIDEO \u27e9 Ukrainas dronu uzlidojums izraisa ugunsgr\u0113ku Belore\u010denskas r\u016bpn\u012bc\u0101"},"content":{"rendered":"<p>Krievijas varasiest\u0101des apgalvo, ka ugunsgr\u0113ks esot \u0101tri likvid\u0113ts un ka cietu\u0161o neesot, lai gan 140 darbinieki tiku\u0161i evaku\u0113ti.<\/p>\n<p>Uz\u0146\u0113muma nosaukumu varasiest\u0101des nav atkl\u0101ju\u0161as.<\/p>\n<p>Tikm\u0113r ukrai\u0146u &#8220;Telegram&#8221; kan\u0101li &#8220;Exilenova+&#8221; un &#8220;Supernova+&#8221; v\u0113sta, ka runa ir par Belore\u010denskas miner\u0101lm\u0113slu r\u016bpn\u012bcu &#8220;JevroHim&#8221;, kas ra\u017eo da\u017e\u0101dus fosforu saturo\u0161us produktus un s\u0113rsk\u0101bi.<\/p>\n<blockquote class=\"twitter-tweet\" data-media-max-width=\"560\">\n<p dir=\"ltr\" lang=\"en\">Drones hit one of Russia&#8217;s biggest fertilizer plants \u2013 EuroChem in Belorechensk (Krasnodar Krai) overnight on Sept. 25, causing a fire. <a href=\"https:\/\/t.co\/0UH0aqzsI6\" target=\"_blank\" rel=\"nofollow\">pic.twitter.com\/0UH0aqzsI6<\/a><\/p>\n<p>\u2014 Hromadske Int. (@Hromadske) <a href=\"https:\/\/twitter.com\/Hromadske\/status\/1971133947091566767?ref_src=twsrc%5Etfw\" target=\"_blank\" rel=\"nofollow noopener\">September 25, 2025<\/a><\/p><\/blockquote>\n<p>&#8220;Telegram&#8221; kan\u0101ls &#8220;Astra&#8221;, atsaucoties uz viet\u0113jiem iedz\u012bvot\u0101jiem, zi\u0146o, ka r\u016bpn\u012bcas apk\u0101rtn\u0113 ir sl\u0113gta autosatiksme.<\/p>\n<p>&#8220;JevroHim&#8221; ir viens no liel\u0101kajiem r\u016bpniec\u012bbas uz\u0146\u0113mumiem Krievijas dienvidos, kur\u0101 str\u0101d\u0101 aptuveni 900 cilv\u0113ku.<\/p>\n<p><script async src=\"https:\/\/platform.twitter.com\/widgets.js\" charset=\"utf-8\"><\/script><\/p>\n","protected":false},"excerpt":{"rendered":"Krievijas varasiest\u0101des apgalvo, ka ugunsgr\u0113ks esot \u0101tri likvid\u0113ts un ka cietu\u0161o neesot, lai gan 140 darbinieki tiku\u0161i evaku\u0113ti.&hellip;\n","protected":false},"author":2,"featured_media":4739,"comment_status":"","ping_status":"","sticky":false,"template":"","format":"standard","meta":{"footnotes":""},"categories":[5],"tags":[23,28,29,2008,32,33,22,74,30,31,35,39,38,36,37,34,40,20,26,27,24,25,276,21],"class_list":{"0":"post-4738","1":"post","2":"type-post","3":"status-publish","4":"format-standard","5":"has-post-thumbnail","7":"category-aktualitates","8":"tag-aktualitates","9":"tag-breaking-news","10":"tag-breakingnews","11":"tag-drons","12":"tag-featured-news","13":"tag-featurednews","14":"tag-headlines","15":"tag-krievijas-iebrukums-ukraina","16":"tag-latest-news","17":"tag-latestnews","18":"tag-latvia","19":"tag-latvian","20":"tag-latviesu","21":"tag-latviesu-valoda","22":"tag-latviesuvaloda","23":"tag-latvija","24":"tag-lv","25":"tag-news","26":"tag-popularakas-zinas","27":"tag-popularakaszinas","28":"tag-top-stories","29":"tag-topstories","30":"tag-ukraina","31":"tag-zinas"},"share_on_mastodon":{"url":"","error":""},"_links":{"self":[{"href":"https:\/\/www.europesays.com\/lv\/wp-json\/wp\/v2\/posts\/4738","targetHints":{"allow":["GET"]}}],"collection":[{"href":"https:\/\/www.europesays.com\/lv\/wp-json\/wp\/v2\/posts"}],"about":[{"href":"https:\/\/www.europesays.com\/lv\/wp-json\/wp\/v2\/types\/post"}],"author":[{"embeddable":true,"href":"https:\/\/www.europesays.com\/lv\/wp-json\/wp\/v2\/users\/2"}],"replies":[{"embeddable":true,"href":"https:\/\/www.europesays.com\/lv\/wp-json\/wp\/v2\/comments?post=4738"}],"version-history":[{"count":0,"href":"https:\/\/www.europesays.com\/lv\/wp-json\/wp\/v2\/posts\/4738\/revisions"}],"wp:featuredmedia":[{"embeddable":true,"href":"https:\/\/www.europesays.com\/lv\/wp-json\/wp\/v2\/media\/4739"}],"wp:attachment":[{"href":"https:\/\/www.europesays.com\/lv\/wp-json\/wp\/v2\/media?parent=4738"}],"wp:term":[{"taxonomy":"category","embeddable":true,"href":"https:\/\/www.europesays.com\/lv\/wp-json\/wp\/v2\/categories?post=4738"},{"taxonomy":"post_tag","embeddable":true,"href":"https:\/\/www.europesays.com\/lv\/wp-json\/wp\/v2\/tags?post=4738"}],"curies":[{"name":"wp","href":"https:\/\/api.w.org\/{rel}","templated":true}]}}