{"id":47400,"date":"2025-11-12T19:06:12","date_gmt":"2025-11-12T19:06:12","guid":{"rendered":"https:\/\/www.europesays.com\/lv\/47400\/"},"modified":"2025-11-12T19:06:12","modified_gmt":"2025-11-12T19:06:12","slug":"igaunu-rallija-talants-jaspars-vahers-pievienojas-toyota-wrc-junioru-programmai-lente-lv","status":"publish","type":"post","link":"https:\/\/www.europesays.com\/lv\/47400\/","title":{"rendered":"Igau\u0146u rallija talants Jaspars Vahers pievienojas \u201eToyota\u201d WRC junioru programmai\u00a0\u2014\u00a0Lente.lv"},"content":{"rendered":"<p>Igau\u0146u talants Jaspars Vahers pievienojas Toyota WRC att\u012bst\u012bbas programmai<\/p>\n<p>Pasaules rallija \u010dempion\u0101ta (WRC) sc\u0113na gatavojas uz\u0146emt jaunu, spilgtu zvaigzni \u2013 igau\u0146u talantu Jasparu Vahers, kur\u0161 ir k\u013cuvis par pirmo ne-jap\u0101\u0146u pilotu, kas uz\u0146emts presti\u017eaj\u0101 \u201eToyota Gazoo Racing\u201d (TGR) \u201eWRC Challenge\u201d junioru programm\u0101. \u0160is pagrieziena punkts ne tikai papla\u0161in\u0101s programmas \u0123eogr\u0101fisk\u0101s robe\u017eas, bet ar\u012b sniegs Vaheram unik\u0101lu iesp\u0113ju att\u012bst\u012bt savas prasmes pasaules elites l\u012bmen\u012b.<\/p>\n<p>Jauna \u0113ra \u201eWRC Challenge\u201d programm\u0101<\/p>\n<p>\u201eToyota Gazoo Racing\u201d jau kop\u0161 2015. gada akt\u012bvi att\u012bsta jaunos talantus, lai sagatavotu n\u0101kamos WRC \u010dempionus. L\u012bdz \u0161im programma galvenok\u0101rt koncentr\u0113jusies uz jaunajiem brauc\u0113jiem no Jap\u0101nas, ta\u010du nu tiek v\u0113rota v\u0113rien\u012bga papla\u0161in\u0101\u0161an\u0101s. 18 gadus vecais Jaspars Vahers, p\u0101rsteidzot ar savu sniegumu atlas\u0113 Somij\u0101, ir ieguvis vietu \u0161aj\u0101 presti\u017eaj\u0101 programm\u0101. Vi\u0146\u0161 bija viens no pieciem talantiem, kas sacent\u0101s par iesp\u0113ju pievienoties TGR \u0123imenei. K\u0101 atzinu\u0161i TGR instruktori, Vahers izc\u0113lies ar savu iev\u0113rojamo \u0101trumu, intuit\u012bvo tehnikas izj\u016btu un emocion\u0101lo briedumu, kas ir \u013coti neierasti tik jaunam pilotam, \u012bpa\u0161i \u0146emot v\u0113r\u0101 vi\u0146a ierobe\u017eoto pieredzi ar pilnpiedzi\u0146as automa\u0161\u012bn\u0101m.<\/p>\n<p>Ce\u013c\u0161 uz virsotn\u0113m ar \u201eToyota GR Yaris Rally2\u201d<\/p>\n<p>N\u0101kamaj\u0101, 2026. gad\u0101, Vahers s\u0113d\u012bsies pie \u201eToyota GR Yaris Rally2\u201d st\u016bres, piedaloties gan Eiropas, gan pasaules \u010dempion\u0101ta posmos. Vi\u0146a komandas biedru pulk\u0101 b\u016bs talant\u012bgie jap\u0101\u0146u piloti Juki Jamamoto, \u0160otaro Goto un Takumi Macu\u0161ita. \u0160\u012b jaun\u0101 pieredze Vaheram paver neiedom\u0101jamas iesp\u0113jas pilnveidot savas prasmes un apliecin\u0101t sevi starptautiskaj\u0101 rallija ar\u0113n\u0101. Pats Vahers pau\u017e saj\u016bsmu par pievieno\u0161anos programmai: \u201eEsmu \u013coti priec\u012bgs pievienoties \u0161ai programmai. T\u0101 man sniedz lielisku iesp\u0113ju pier\u0101d\u012bt sevi lab\u0101 komand\u0101 un augsta l\u012bme\u0146a sacens\u012bb\u0101s. Saj\u016btas ar \u201eGR Yaris Rally2\u201d ir lieliskas, un katrs kilometrs pal\u012bdz man progres\u0113t. N\u0101kamais gads b\u016bs izaicin\u0101jumu pilns, bet ar \u0161\u0101du atbalstu es varu \u013coti strauji augt.\u201d<\/p>\n<p>V\u0113sturiska izv\u0113le un n\u0101kotnes perspekt\u012bvas<\/p>\n<p>\u201eWRC Challenge\u201d programma, kas dibin\u0101ta 2015. gad\u0101, s\u0101kotn\u0113ji bija veidota, lai att\u012bst\u012btu jaunos talantus no Jap\u0101nas, dodot vi\u0146iem iesp\u0113ju sekot Takamoto Katsutas pan\u0101kumu ce\u013cam. Vahers k\u013c\u016bs par \u0161\u012bs programmas pirmo starptautisko p\u0101rst\u0101vi, simboliski papla\u0161inot t\u0101s darb\u012bbas loku un demonstr\u0113jot TGR ap\u0146em\u0161anos atkl\u0101t un atbalst\u012bt talantus neatkar\u012bgi no vi\u0146u izcelsmes valsts. \u201eJaspars ir par\u0101d\u012bjis \u012bpa\u0161u potenci\u0101lu un \u0101tru m\u0101c\u012b\u0161an\u0101s sp\u0113ju,\u201d atz\u012bst komandas vad\u012bba. \u201eVi\u0146\u0161 iemieso to, ko \u0161\u012b programma p\u0101rst\u0101v \u2013 jaun\u012bbu, drosmi un ap\u0146\u0113m\u012bbu k\u013c\u016bt par n\u0101kam\u0101s paaudzes WRC zvaigzni.\u201d<\/p>\n<p>Vahers \u2013 talants ar spo\u017eu pag\u0101tni<\/p>\n<p>18 gadus vecais Jaspars Vahers nav glu\u017ei jaunums autosporta pasaul\u0113. Vi\u0146\u0161 ir demonstr\u0113jis iespaid\u012bgu sniegumu da\u017e\u0101d\u0101s kategorij\u0101s. \u0160aj\u0101 sezon\u0101 vi\u0146\u0161 start\u0113ja Eiropas rallija \u010dempion\u0101ta \u201eJunior ERC\u201d klas\u0113, kur kopv\u0113rt\u0113jum\u0101 izc\u012bn\u012bja ceturto vietu. Lai gan vi\u0146a pieredze galvenok\u0101rt ir ar priek\u0161piedzi\u0146as automa\u0161\u012bn\u0101m, piem\u0113ram, \u201eLancia Ypsilon Rally4\u201d, vi\u0146\u0161 ir pier\u0101d\u012bjis savu sp\u0113ju uzvar\u0113t \u0101trumposmos un apsteigt pieredz\u0113ju\u0161us konkurentus. \u201eToyota\u201d speci\u0101listi ir p\u0101rliecin\u0101ti, ka p\u0101reja uz jaud\u012bg\u0101ku tehniku un jaun\u0101 programma dos vi\u0146am iesp\u0113ju piln\u012bb\u0101 atrais\u012bt savu potenci\u0101lu un k\u013c\u016bt par noz\u012bm\u012bgu sp\u0113l\u0113t\u0101ju WRC n\u0101kotn\u0113.<\/p>\n","protected":false},"excerpt":{"rendered":"Igau\u0146u talants Jaspars Vahers pievienojas Toyota WRC att\u012bst\u012bbas programmai Pasaules rallija \u010dempion\u0101ta (WRC) sc\u0113na gatavojas uz\u0146emt jaunu, spilgtu&hellip;\n","protected":false},"author":2,"featured_media":47401,"comment_status":"","ping_status":"","sticky":false,"template":"","format":"standard","meta":{"footnotes":""},"categories":[17],"tags":[13114,35,39,38,36,37,34,40,13117,67,7962,13115,13116],"class_list":{"0":"post-47400","1":"post","2":"type-post","3":"status-publish","4":"format-standard","5":"has-post-thumbnail","7":"category-sports","8":"tag-jaspars-vahers","9":"tag-latvia","10":"tag-latvian","11":"tag-latviesu","12":"tag-latviesu-valoda","13":"tag-latviesuvaloda","14":"tag-latvija","15":"tag-lv","16":"tag-rallija-talants","17":"tag-sports","18":"tag-toyota-gazoo-racing","19":"tag-wrc-challenge-programma","20":"tag-wrc-junioru-programma"},"share_on_mastodon":{"url":"https:\/\/pubeurope.com\/@lv\/115538295701488045","error":""},"_links":{"self":[{"href":"https:\/\/www.europesays.com\/lv\/wp-json\/wp\/v2\/posts\/47400","targetHints":{"allow":["GET"]}}],"collection":[{"href":"https:\/\/www.europesays.com\/lv\/wp-json\/wp\/v2\/posts"}],"about":[{"href":"https:\/\/www.europesays.com\/lv\/wp-json\/wp\/v2\/types\/post"}],"author":[{"embeddable":true,"href":"https:\/\/www.europesays.com\/lv\/wp-json\/wp\/v2\/users\/2"}],"replies":[{"embeddable":true,"href":"https:\/\/www.europesays.com\/lv\/wp-json\/wp\/v2\/comments?post=47400"}],"version-history":[{"count":0,"href":"https:\/\/www.europesays.com\/lv\/wp-json\/wp\/v2\/posts\/47400\/revisions"}],"wp:featuredmedia":[{"embeddable":true,"href":"https:\/\/www.europesays.com\/lv\/wp-json\/wp\/v2\/media\/47401"}],"wp:attachment":[{"href":"https:\/\/www.europesays.com\/lv\/wp-json\/wp\/v2\/media?parent=47400"}],"wp:term":[{"taxonomy":"category","embeddable":true,"href":"https:\/\/www.europesays.com\/lv\/wp-json\/wp\/v2\/categories?post=47400"},{"taxonomy":"post_tag","embeddable":true,"href":"https:\/\/www.europesays.com\/lv\/wp-json\/wp\/v2\/tags?post=47400"}],"curies":[{"name":"wp","href":"https:\/\/api.w.org\/{rel}","templated":true}]}}