{"id":47412,"date":"2025-11-12T19:16:08","date_gmt":"2025-11-12T19:16:08","guid":{"rendered":"https:\/\/www.europesays.com\/lv\/47412\/"},"modified":"2025-11-12T19:16:08","modified_gmt":"2025-11-12T19:16:08","slug":"latvijas-basketbolistes-eiropas-cempionata-kvalifikaciju-sak-ar-zaudejumu-lublana","status":"publish","type":"post","link":"https:\/\/www.europesays.com\/lv\/47412\/","title":{"rendered":"Latvijas basketbolistes Eiropas \u010dempion\u0101ta kvalifik\u0101ciju s\u0101k ar zaud\u0113jumu \u013bub\u013can\u0101"},"content":{"rendered":"<p>Uz \u013bub\u013canu dev\u0101s 16 Latvijas valstsvien\u012bbas kandid\u0101tes, no kur\u0101m \u0101rpus pieteikuma pirmajam ma\u010dam palika Laura Meldere, L\u012bna Loceniece, Lu\u012bze Sila un Katr\u012bna Ozola.<\/p>\n<p>Eiropas sievie\u0161u \u010dempion\u0101t\u0101 ir main\u012bta kvalifik\u0101cijas turn\u012bra sist\u0113ma. Pirmaj\u0101 k\u0101rt\u0101 27 komandas, sadal\u012btas septi\u0146\u0101s grup\u0101s (se\u0161\u0101s pa \u010detr\u0101m un vien\u0101 pa trim komand\u0101m), \u0161\u012bs sezonas laik\u0101 aizvad\u012bs divu ap\u013cu sacens\u012bbas. Katras grupas divas lab\u0101k\u0101s komandas, k\u0101 ar\u012b tr\u012bs no septi\u0146\u0101m tre\u0161o vietu ieguv\u0113j\u0101m ieg\u016bs ties\u012bbas sp\u0113l\u0113t kvalifik\u0101cijas otraj\u0101 k\u0101rt\u0101, kur t\u0101m pievienosies septi\u0146as Pasaules kausa izc\u012b\u0146as kvalifik\u0101cijas turn\u012bra dal\u012bbnieces (Sp\u0101nija, It\u0101lija, Francija, \u010cehija, V\u0101cija, Turcija un Ung\u0101rija).<\/p>\n<p>24 komandas 2026.\/2027. gada sezon\u0101 c\u012bn\u012bsies par ce\u013caz\u012bm\u0113m uz fin\u0101lturn\u012bru, kur jau garant\u0113tas vietas ir \u010detr\u0101m r\u012bkot\u0101jvalst\u012bm &#8211; Be\u013c\u0123ijai, Lietuvai, Somijai un Zviedrijai.<\/p>\n<p>Latvijas sievie\u0161u basketbola izlases sast\u0101vs 2027. gada Eiropas \u010dempion\u0101ta kvalifik\u0101cijas sp\u0113lei ar Slov\u0113niju: Ieva Pulvere, Vanesa Jasa, Enija V\u012bksne (visas &#8211; &#8220;TTT R\u012bga&#8221;), Anna Liepi\u0146a, Kate Vilka (abas &#8211; Klaip\u0113das &#8220;Nept\u016bnas&#8221;, Lietuva), Ketija Vihmane, Digna Strautmane (abas &#8211; Vroclavas &#8220;Sleza&#8221;, Polija), Anete \u0160teinberga, Kitija Laksa (abas &#8211; Skio &#8220;Famila&#8221;, It\u0101lija), Paula Strautmane (Ramatganas &#8220;Maccabi&#8221;, Izra\u0113la), Elizabete Bul\u0101ne (&#8220;Trutnov&#8221;, \u010cehija), Aleksa Gulbe (Lionas ASVEL, Francija).<\/p>\n","protected":false},"excerpt":{"rendered":"Uz \u013bub\u013canu dev\u0101s 16 Latvijas valstsvien\u012bbas kandid\u0101tes, no kur\u0101m \u0101rpus pieteikuma pirmajam ma\u010dam palika Laura Meldere, L\u012bna Loceniece,&hellip;\n","protected":false},"author":2,"featured_media":47413,"comment_status":"","ping_status":"","sticky":false,"template":"","format":"standard","meta":{"footnotes":""},"categories":[5],"tags":[23,3041,28,29,32,33,22,905,30,31,35,39,38,36,37,34,2208,40,20,26,27,24,25,21],"class_list":{"0":"post-47412","1":"post","2":"type-post","3":"status-publish","4":"format-standard","5":"has-post-thumbnail","7":"category-aktualitates","8":"tag-aktualitates","9":"tag-anete-steinberga","10":"tag-breaking-news","11":"tag-breakingnews","12":"tag-featured-news","13":"tag-featurednews","14":"tag-headlines","15":"tag-kitija-laksa","16":"tag-latest-news","17":"tag-latestnews","18":"tag-latvia","19":"tag-latvian","20":"tag-latviesu","21":"tag-latviesu-valoda","22":"tag-latviesuvaloda","23":"tag-latvija","24":"tag-latvijas-sieviesu-basketbola-izlase","25":"tag-lv","26":"tag-news","27":"tag-popularakas-zinas","28":"tag-popularakaszinas","29":"tag-top-stories","30":"tag-topstories","31":"tag-zinas"},"share_on_mastodon":{"url":"https:\/\/pubeurope.com\/@lv\/115538335144279078","error":""},"_links":{"self":[{"href":"https:\/\/www.europesays.com\/lv\/wp-json\/wp\/v2\/posts\/47412","targetHints":{"allow":["GET"]}}],"collection":[{"href":"https:\/\/www.europesays.com\/lv\/wp-json\/wp\/v2\/posts"}],"about":[{"href":"https:\/\/www.europesays.com\/lv\/wp-json\/wp\/v2\/types\/post"}],"author":[{"embeddable":true,"href":"https:\/\/www.europesays.com\/lv\/wp-json\/wp\/v2\/users\/2"}],"replies":[{"embeddable":true,"href":"https:\/\/www.europesays.com\/lv\/wp-json\/wp\/v2\/comments?post=47412"}],"version-history":[{"count":0,"href":"https:\/\/www.europesays.com\/lv\/wp-json\/wp\/v2\/posts\/47412\/revisions"}],"wp:featuredmedia":[{"embeddable":true,"href":"https:\/\/www.europesays.com\/lv\/wp-json\/wp\/v2\/media\/47413"}],"wp:attachment":[{"href":"https:\/\/www.europesays.com\/lv\/wp-json\/wp\/v2\/media?parent=47412"}],"wp:term":[{"taxonomy":"category","embeddable":true,"href":"https:\/\/www.europesays.com\/lv\/wp-json\/wp\/v2\/categories?post=47412"},{"taxonomy":"post_tag","embeddable":true,"href":"https:\/\/www.europesays.com\/lv\/wp-json\/wp\/v2\/tags?post=47412"}],"curies":[{"name":"wp","href":"https:\/\/api.w.org\/{rel}","templated":true}]}}